{"id":26248,"date":"2020-03-01T15:17:00","date_gmt":"2020-03-01T14:17:00","guid":{"rendered":"http:\/\/tzzetjt.cluster026.hosting.ovh.net\/?p=26248"},"modified":"2020-04-12T15:55:21","modified_gmt":"2020-04-12T13:55:21","slug":"ma-17-12-2019-les-lanternes-de-gaillac","status":"publish","type":"post","link":"https:\/\/www.retraitesportivesaves.fr\/index.php\/2020\/03\/01\/ma-17-12-2019-les-lanternes-de-gaillac\/","title":{"rendered":"Ma. 17\/12\/2019 &#8211; Les lanternes de Gaillac"},"content":{"rendered":"<div>71 personnes s&rsquo;\u00e9taient inscrites pour venir avec le club s&rsquo;\u00e9merveiller \u00e0 cette\u00a03\u00e8me et derni\u00e8re \u00e9dition de ce festival, l&rsquo;un des plus imposants du monde et le premier \u00e9v\u00e9nement culturel chinois en France.\u00a046\u00a0tableaux in\u00e9dits, parfois anim\u00e9s et sonoris\u00e9s, des plus petits aux plus monumentaux, les ont immerg\u00e9s dans l&rsquo;univers chinois,\u00a0les vignobles tarnais et l&rsquo;\u00e8re du Jurassique.<\/div>\n<div>Ces milliers de lumi\u00e8res color\u00e9es et scintillantes en ont \u00e9poustoufl\u00e9 plus d&rsquo;un et ce spectacle zen, d\u00e9paysant et magique \u00e9tait un v\u00e9ritable bonheur. Il fallait l&rsquo;avoir vu et tous en ont pris plein les yeux. Apr\u00e8s un tel r\u00e9gal visuel, un d\u00eener sympa dans un\u00a0restaurant gaillacois s&rsquo;imposait avant de regagner Samatan, fort tard dans la nuit, la t\u00eate pleine d&rsquo;images f\u00e9eriques.<\/div>\n<div>\u00a0<\/div>\n<div><img loading=\"lazy\" decoding=\"async\" class=\"size-full wp-image-26253 alignnone\" src=\"https:\/\/www.retraitesportivesaves.fr\/wp-content\/uploads\/2020\/03\/GAILLAC3.jpg\" alt=\"\" width=\"115\" height=\"169\" \/><img loading=\"lazy\" decoding=\"async\" class=\"size-full wp-image-26251 alignright\" src=\"https:\/\/www.retraitesportivesaves.fr\/wp-content\/uploads\/2020\/03\/GAILLAC1.jpg\" alt=\"\" width=\"300\" height=\"169\" \/><\/div>\n<p><!--more--><\/p>\n<p><!--more--><\/p>\n<p><!--more--><\/p>\n<p><!--more--><\/p>\n\n","protected":false},"excerpt":{"rendered":"<p>71 personnes s&rsquo;\u00e9taient inscrites pour venir avec le club s&rsquo;\u00e9merveiller \u00e0 cette\u00a03\u00e8me et derni\u00e8re \u00e9dition de ce festival, l&rsquo;un des plus imposants du monde et le premier \u00e9v\u00e9nement culturel chinois en France.\u00a046\u00a0tableaux in\u00e9dits, parfois anim\u00e9s et sonoris\u00e9s, des plus petits aux plus monumentaux, les ont immerg\u00e9s dans l&rsquo;univers chinois,\u00a0les vignobles tarnais et l&rsquo;\u00e8re du Jurassique. &hellip;<\/p>\n<p class=\"read-more\"> <a class=\"\" href=\"https:\/\/www.retraitesportivesaves.fr\/index.php\/2020\/03\/01\/ma-17-12-2019-les-lanternes-de-gaillac\/\"> <span class=\"screen-reader-text\">Ma. 17\/12\/2019 &#8211; Les lanternes de Gaillac<\/span> Lire la suite\u00a0\u00bb<\/a><\/p>\n","protected":false},"author":1,"featured_media":26252,"comment_status":"closed","ping_status":"closed","sticky":false,"template":"","format":"standard","meta":{"_monsterinsights_skip_tracking":false,"_monsterinsights_sitenote_active":false,"_monsterinsights_sitenote_note":"","_monsterinsights_sitenote_category":0,"footnotes":""},"categories":[1],"tags":[],"uagb_featured_image_src":{"full":["https:\/\/www.retraitesportivesaves.fr\/wp-content\/uploads\/2020\/03\/GAILLAC2.jpg",300,169,false],"thumbnail":["https:\/\/www.retraitesportivesaves.fr\/wp-content\/uploads\/2020\/03\/GAILLAC2-150x150.jpg",150,150,true],"medium":["https:\/\/www.retraitesportivesaves.fr\/wp-content\/uploads\/2020\/03\/GAILLAC2.jpg",300,169,false],"medium_large":["https:\/\/www.retraitesportivesaves.fr\/wp-content\/uploads\/2020\/03\/GAILLAC2.jpg",300,169,false],"large":["https:\/\/www.retraitesportivesaves.fr\/wp-content\/uploads\/2020\/03\/GAILLAC2.jpg",300,169,false],"1536x1536":["https:\/\/www.retraitesportivesaves.fr\/wp-content\/uploads\/2020\/03\/GAILLAC2.jpg",300,169,false],"2048x2048":["https:\/\/www.retraitesportivesaves.fr\/wp-content\/uploads\/2020\/03\/GAILLAC2.jpg",300,169,false]},"uagb_author_info":{"display_name":"admin9078","author_link":"https:\/\/www.retraitesportivesaves.fr\/index.php\/author\/admin9078\/"},"uagb_comment_info":0,"uagb_excerpt":"71 personnes s&rsquo;\u00e9taient inscrites pour venir avec le club s&rsquo;\u00e9merveiller \u00e0 cette\u00a03\u00e8me et derni\u00e8re \u00e9dition de ce festival, l&rsquo;un des plus imposants du monde et le premier \u00e9v\u00e9nement culturel chinois en France.\u00a046\u00a0tableaux in\u00e9dits, parfois anim\u00e9s et sonoris\u00e9s, des plus petits aux plus monumentaux, les ont immerg\u00e9s dans l&rsquo;univers chinois,\u00a0les vignobles tarnais et l&rsquo;\u00e8re du Jurassique.\u2026","_links":{"self":[{"href":"https:\/\/www.retraitesportivesaves.fr\/index.php\/wp-json\/wp\/v2\/posts\/26248"}],"collection":[{"href":"https:\/\/www.retraitesportivesaves.fr\/index.php\/wp-json\/wp\/v2\/posts"}],"about":[{"href":"https:\/\/www.retraitesportivesaves.fr\/index.php\/wp-json\/wp\/v2\/types\/post"}],"author":[{"embeddable":true,"href":"https:\/\/www.retraitesportivesaves.fr\/index.php\/wp-json\/wp\/v2\/users\/1"}],"replies":[{"embeddable":true,"href":"https:\/\/www.retraitesportivesaves.fr\/index.php\/wp-json\/wp\/v2\/comments?post=26248"}],"version-history":[{"count":6,"href":"https:\/\/www.retraitesportivesaves.fr\/index.php\/wp-json\/wp\/v2\/posts\/26248\/revisions"}],"predecessor-version":[{"id":27094,"href":"https:\/\/www.retraitesportivesaves.fr\/index.php\/wp-json\/wp\/v2\/posts\/26248\/revisions\/27094"}],"wp:featuredmedia":[{"embeddable":true,"href":"https:\/\/www.retraitesportivesaves.fr\/index.php\/wp-json\/wp\/v2\/media\/26252"}],"wp:attachment":[{"href":"https:\/\/www.retraitesportivesaves.fr\/index.php\/wp-json\/wp\/v2\/media?parent=26248"}],"wp:term":[{"taxonomy":"category","embeddable":true,"href":"https:\/\/www.retraitesportivesaves.fr\/index.php\/wp-json\/wp\/v2\/categories?post=26248"},{"taxonomy":"post_tag","embeddable":true,"href":"https:\/\/www.retraitesportivesaves.fr\/index.php\/wp-json\/wp\/v2\/tags?post=26248"}],"curies":[{"name":"wp","href":"https:\/\/api.w.org\/{rel}","templated":true}]}}