{"id":26270,"date":"2020-03-01T15:15:00","date_gmt":"2020-03-01T14:15:00","guid":{"rendered":"http:\/\/tzzetjt.cluster026.hosting.ovh.net\/?p=26270"},"modified":"2020-03-01T22:01:40","modified_gmt":"2020-03-01T21:01:40","slug":"s-07-12-2019-telethon-2019","status":"publish","type":"post","link":"https:\/\/www.retraitesportivesaves.fr\/index.php\/2020\/03\/01\/s-07-12-2019-telethon-2019\/","title":{"rendered":"S. 07\/12\/2019 &#8211; T\u00e9l\u00e9thon 2019"},"content":{"rendered":"<p>Une nouvelle fois, la Retraite Sportive faisait partie des associations samatanaises qui s&rsquo;\u00e9taient mobilis\u00e9es pour le T\u00e9l\u00e9thon. Un rendez-vous \u00e9tait fix\u00e9 \u00e0 10h pour plusieurs tours de lac soit en marche nordique, soit en randonn\u00e9e p\u00e9destre classique. Une petite escapade jusqu&rsquo;au centre du village o\u00f9 se trouvait le centre organisationnel. Un petit vin chaud et quelques oreillettes, le temps qu&rsquo;un rayon de soleil vienne r\u00e9chauffer les marcheurs. Merci aux participants et aux g\u00e9n\u00e9reux donateurs qui ont \u0153uvr\u00e9 pour cette noble cause.<\/p>\n\n\n<p><\/p>\n","protected":false},"excerpt":{"rendered":"<p>Une nouvelle fois, la Retraite Sportive faisait partie des associations samatanaises qui s&rsquo;\u00e9taient mobilis\u00e9es pour le T\u00e9l\u00e9thon. Un rendez-vous \u00e9tait fix\u00e9 \u00e0 10h pour plusieurs tours de lac soit en marche nordique, soit en randonn\u00e9e p\u00e9destre classique. Une petite escapade jusqu&rsquo;au centre du village o\u00f9 se trouvait le centre organisationnel. Un petit vin chaud et &hellip;<\/p>\n<p class=\"read-more\"> <a class=\"\" href=\"https:\/\/www.retraitesportivesaves.fr\/index.php\/2020\/03\/01\/s-07-12-2019-telethon-2019\/\"> <span class=\"screen-reader-text\">S. 07\/12\/2019 &#8211; T\u00e9l\u00e9thon 2019<\/span> Lire la suite\u00a0\u00bb<\/a><\/p>\n","protected":false},"author":1,"featured_media":26256,"comment_status":"closed","ping_status":"closed","sticky":false,"template":"","format":"standard","meta":{"_monsterinsights_skip_tracking":false,"_monsterinsights_sitenote_active":false,"_monsterinsights_sitenote_note":"","_monsterinsights_sitenote_category":0,"footnotes":""},"categories":[1],"tags":[],"uagb_featured_image_src":{"full":["https:\/\/www.retraitesportivesaves.fr\/wp-content\/uploads\/2020\/03\/TELETHON-2019.jpg",250,139,false],"thumbnail":["https:\/\/www.retraitesportivesaves.fr\/wp-content\/uploads\/2020\/03\/TELETHON-2019-150x139.jpg",150,139,true],"medium":["https:\/\/www.retraitesportivesaves.fr\/wp-content\/uploads\/2020\/03\/TELETHON-2019.jpg",250,139,false],"medium_large":["https:\/\/www.retraitesportivesaves.fr\/wp-content\/uploads\/2020\/03\/TELETHON-2019.jpg",250,139,false],"large":["https:\/\/www.retraitesportivesaves.fr\/wp-content\/uploads\/2020\/03\/TELETHON-2019.jpg",250,139,false],"1536x1536":["https:\/\/www.retraitesportivesaves.fr\/wp-content\/uploads\/2020\/03\/TELETHON-2019.jpg",250,139,false],"2048x2048":["https:\/\/www.retraitesportivesaves.fr\/wp-content\/uploads\/2020\/03\/TELETHON-2019.jpg",250,139,false]},"uagb_author_info":{"display_name":"admin9078","author_link":"https:\/\/www.retraitesportivesaves.fr\/index.php\/author\/admin9078\/"},"uagb_comment_info":0,"uagb_excerpt":"Une nouvelle fois, la Retraite Sportive faisait partie des associations samatanaises qui s&rsquo;\u00e9taient mobilis\u00e9es pour le T\u00e9l\u00e9thon. Un rendez-vous \u00e9tait fix\u00e9 \u00e0 10h pour plusieurs tours de lac soit en marche nordique, soit en randonn\u00e9e p\u00e9destre classique. Une petite escapade jusqu&rsquo;au centre du village o\u00f9 se trouvait le centre organisationnel. Un petit vin chaud et\u2026","_links":{"self":[{"href":"https:\/\/www.retraitesportivesaves.fr\/index.php\/wp-json\/wp\/v2\/posts\/26270"}],"collection":[{"href":"https:\/\/www.retraitesportivesaves.fr\/index.php\/wp-json\/wp\/v2\/posts"}],"about":[{"href":"https:\/\/www.retraitesportivesaves.fr\/index.php\/wp-json\/wp\/v2\/types\/post"}],"author":[{"embeddable":true,"href":"https:\/\/www.retraitesportivesaves.fr\/index.php\/wp-json\/wp\/v2\/users\/1"}],"replies":[{"embeddable":true,"href":"https:\/\/www.retraitesportivesaves.fr\/index.php\/wp-json\/wp\/v2\/comments?post=26270"}],"version-history":[{"count":2,"href":"https:\/\/www.retraitesportivesaves.fr\/index.php\/wp-json\/wp\/v2\/posts\/26270\/revisions"}],"predecessor-version":[{"id":26272,"href":"https:\/\/www.retraitesportivesaves.fr\/index.php\/wp-json\/wp\/v2\/posts\/26270\/revisions\/26272"}],"wp:featuredmedia":[{"embeddable":true,"href":"https:\/\/www.retraitesportivesaves.fr\/index.php\/wp-json\/wp\/v2\/media\/26256"}],"wp:attachment":[{"href":"https:\/\/www.retraitesportivesaves.fr\/index.php\/wp-json\/wp\/v2\/media?parent=26270"}],"wp:term":[{"taxonomy":"category","embeddable":true,"href":"https:\/\/www.retraitesportivesaves.fr\/index.php\/wp-json\/wp\/v2\/categories?post=26270"},{"taxonomy":"post_tag","embeddable":true,"href":"https:\/\/www.retraitesportivesaves.fr\/index.php\/wp-json\/wp\/v2\/tags?post=26270"}],"curies":[{"name":"wp","href":"https:\/\/api.w.org\/{rel}","templated":true}]}}