{"id":26294,"date":"2020-03-01T15:11:00","date_gmt":"2020-03-01T14:11:00","guid":{"rendered":"http:\/\/tzzetjt.cluster026.hosting.ovh.net\/?p=26294"},"modified":"2020-03-01T22:00:25","modified_gmt":"2020-03-01T21:00:25","slug":"j-10-10-2019-bravo-aux-diplomees","status":"publish","type":"post","link":"https:\/\/www.retraitesportivesaves.fr\/index.php\/2020\/03\/01\/j-10-10-2019-bravo-aux-diplomees\/","title":{"rendered":"J. 10\/10\/2019 &#8211; Bravo aux dipl\u00f4m\u00e9es"},"content":{"rendered":"<p>Une s\u00e9ance de danse particuli\u00e8re o\u00f9 nos 3 animatrices,&nbsp;Evelyne, Genevi\u00e8ve et Marie-Jo. ont re\u00e7u leur dipl\u00f4me des mains de la Pr\u00e9sidente. Ce s\u00e9same vient acter le brevet f\u00e9d\u00e9ral d&rsquo;activit\u00e9s dans\u00e9es qu&rsquo;elles ont brillament obtenu&nbsp;en mars dernier \u00e0 Carry le Rouet. Un grand merci \u00e0 toutes les 3 pour leur engagement et leur d\u00e9vouement. Rappelons que le fondement de la Retraite Sportive repose sur le b\u00e9n\u00e9volat de tous les membres et en particulier des animateurs. Nous esp\u00e9rons que leur exp\u00e9rience donnera envie \u00e0 d&rsquo;autres adh\u00e9rents d&rsquo;entamer&nbsp;un cursus de formation.<\/p>\n<p>Un pot de l&rsquo;amiti\u00e9 a accompagn\u00e9 cette sympathique r\u00e9union.<\/p>\n","protected":false},"excerpt":{"rendered":"<p>Une s\u00e9ance de danse particuli\u00e8re o\u00f9 nos 3 animatrices,&nbsp;Evelyne, Genevi\u00e8ve et Marie-Jo. ont re\u00e7u leur dipl\u00f4me des mains de la Pr\u00e9sidente. Ce s\u00e9same vient acter le brevet f\u00e9d\u00e9ral d&rsquo;activit\u00e9s dans\u00e9es qu&rsquo;elles ont brillament obtenu&nbsp;en mars dernier \u00e0 Carry le Rouet. Un grand merci \u00e0 toutes les 3 pour leur engagement et leur d\u00e9vouement. Rappelons que &hellip;<\/p>\n<p class=\"read-more\"> <a class=\"\" href=\"https:\/\/www.retraitesportivesaves.fr\/index.php\/2020\/03\/01\/j-10-10-2019-bravo-aux-diplomees\/\"> <span class=\"screen-reader-text\">J. 10\/10\/2019 &#8211; Bravo aux dipl\u00f4m\u00e9es<\/span> Lire la suite\u00a0\u00bb<\/a><\/p>\n","protected":false},"author":1,"featured_media":26296,"comment_status":"closed","ping_status":"closed","sticky":false,"template":"","format":"standard","meta":{"_monsterinsights_skip_tracking":false,"_monsterinsights_sitenote_active":false,"_monsterinsights_sitenote_note":"","_monsterinsights_sitenote_category":0,"footnotes":""},"categories":[1],"tags":[],"uagb_featured_image_src":{"full":["https:\/\/www.retraitesportivesaves.fr\/wp-content\/uploads\/2020\/03\/DIPLOME-DANSE.jpg",300,232,false],"thumbnail":["https:\/\/www.retraitesportivesaves.fr\/wp-content\/uploads\/2020\/03\/DIPLOME-DANSE-150x150.jpg",150,150,true],"medium":["https:\/\/www.retraitesportivesaves.fr\/wp-content\/uploads\/2020\/03\/DIPLOME-DANSE.jpg",300,232,false],"medium_large":["https:\/\/www.retraitesportivesaves.fr\/wp-content\/uploads\/2020\/03\/DIPLOME-DANSE.jpg",300,232,false],"large":["https:\/\/www.retraitesportivesaves.fr\/wp-content\/uploads\/2020\/03\/DIPLOME-DANSE.jpg",300,232,false],"1536x1536":["https:\/\/www.retraitesportivesaves.fr\/wp-content\/uploads\/2020\/03\/DIPLOME-DANSE.jpg",300,232,false],"2048x2048":["https:\/\/www.retraitesportivesaves.fr\/wp-content\/uploads\/2020\/03\/DIPLOME-DANSE.jpg",300,232,false]},"uagb_author_info":{"display_name":"admin9078","author_link":"https:\/\/www.retraitesportivesaves.fr\/index.php\/author\/admin9078\/"},"uagb_comment_info":0,"uagb_excerpt":"Une s\u00e9ance de danse particuli\u00e8re o\u00f9 nos 3 animatrices,&nbsp;Evelyne, Genevi\u00e8ve et Marie-Jo. ont re\u00e7u leur dipl\u00f4me des mains de la Pr\u00e9sidente. Ce s\u00e9same vient acter le brevet f\u00e9d\u00e9ral d&rsquo;activit\u00e9s dans\u00e9es qu&rsquo;elles ont brillament obtenu&nbsp;en mars dernier \u00e0 Carry le Rouet. Un grand merci \u00e0 toutes les 3 pour leur engagement et leur d\u00e9vouement. Rappelons que\u2026","_links":{"self":[{"href":"https:\/\/www.retraitesportivesaves.fr\/index.php\/wp-json\/wp\/v2\/posts\/26294"}],"collection":[{"href":"https:\/\/www.retraitesportivesaves.fr\/index.php\/wp-json\/wp\/v2\/posts"}],"about":[{"href":"https:\/\/www.retraitesportivesaves.fr\/index.php\/wp-json\/wp\/v2\/types\/post"}],"author":[{"embeddable":true,"href":"https:\/\/www.retraitesportivesaves.fr\/index.php\/wp-json\/wp\/v2\/users\/1"}],"replies":[{"embeddable":true,"href":"https:\/\/www.retraitesportivesaves.fr\/index.php\/wp-json\/wp\/v2\/comments?post=26294"}],"version-history":[{"count":2,"href":"https:\/\/www.retraitesportivesaves.fr\/index.php\/wp-json\/wp\/v2\/posts\/26294\/revisions"}],"predecessor-version":[{"id":26297,"href":"https:\/\/www.retraitesportivesaves.fr\/index.php\/wp-json\/wp\/v2\/posts\/26294\/revisions\/26297"}],"wp:featuredmedia":[{"embeddable":true,"href":"https:\/\/www.retraitesportivesaves.fr\/index.php\/wp-json\/wp\/v2\/media\/26296"}],"wp:attachment":[{"href":"https:\/\/www.retraitesportivesaves.fr\/index.php\/wp-json\/wp\/v2\/media?parent=26294"}],"wp:term":[{"taxonomy":"category","embeddable":true,"href":"https:\/\/www.retraitesportivesaves.fr\/index.php\/wp-json\/wp\/v2\/categories?post=26294"},{"taxonomy":"post_tag","embeddable":true,"href":"https:\/\/www.retraitesportivesaves.fr\/index.php\/wp-json\/wp\/v2\/tags?post=26294"}],"curies":[{"name":"wp","href":"https:\/\/api.w.org\/{rel}","templated":true}]}}