{"id":26361,"date":"2020-03-01T14:56:00","date_gmt":"2020-03-01T13:56:00","guid":{"rendered":"http:\/\/tzzetjt.cluster026.hosting.ovh.net\/?p=26361"},"modified":"2020-03-01T21:55:45","modified_gmt":"2020-03-01T20:55:45","slug":"j-28-06-2018-fin-de-saison-festive","status":"publish","type":"post","link":"https:\/\/www.retraitesportivesaves.fr\/index.php\/2020\/03\/01\/j-28-06-2018-fin-de-saison-festive\/","title":{"rendered":"J. 28\/06\/2018 &#8211; Fin de saison festive"},"content":{"rendered":"<p>La saison sportive 2017\/2018 s&rsquo;ach\u00e8ve. Pour cl\u00f4turer l&rsquo;ann\u00e9e en beaut\u00e9, le club avait organis\u00e9, \u00e0 la Halle au Gras de Samatan, apr\u00e8s son Assembl\u00e9e G\u00e9n\u00e9rale, son repas habituel type auberge espagnole. L&rsquo;ap\u00e9ro, les vins et le caf\u00e9 \u00e9taient offerts par&nbsp;le Comit\u00e9 Directeur auxquels sont venus s&rsquo;ajouter d&rsquo;excellents plats, sucr\u00e9s, sal\u00e9s cuisin\u00e9s par les adh\u00e9rents.<\/p>\n<p>Encore une r\u00e9ussite appr\u00e9ci\u00e9e de tous. Cet apr\u00e8s-midi&nbsp;fut aussi riche en \u00e9motion, puisque nos amis, D\u00e9d\u00e9e et Jean, nos dynamiques et infatiguables animateurs, coachaient leur derni\u00e8re s\u00e9ance samatanaise de danse. Hommage appuy\u00e9, discours, cadeaux \u00e0 notre sympathique couple passionn\u00e9&nbsp;de danse qui a promis de revenir nous voir. Au menu : tango solo, madison, twist, scottish et tutti quanti, mais surtout&nbsp;une chenille endiabl\u00e9e pour faire participer toute la salle.<\/p>\n<div>Tout \u00e9tait top comme&nbsp;d&rsquo;habitude. A la rentr\u00e9e, les \u00e9quipes sont pr\u00eates \u00e0 prendre cette difficile rel\u00e8ve, la barre est haute. Bel \u00e9t\u00e9 \u00e0 tous.<\/div>\n","protected":false},"excerpt":{"rendered":"<p>La saison sportive 2017\/2018 s&rsquo;ach\u00e8ve. Pour cl\u00f4turer l&rsquo;ann\u00e9e en beaut\u00e9, le club avait organis\u00e9, \u00e0 la Halle au Gras de Samatan, apr\u00e8s son Assembl\u00e9e G\u00e9n\u00e9rale, son repas habituel type auberge espagnole. L&rsquo;ap\u00e9ro, les vins et le caf\u00e9 \u00e9taient offerts par&nbsp;le Comit\u00e9 Directeur auxquels sont venus s&rsquo;ajouter d&rsquo;excellents plats, sucr\u00e9s, sal\u00e9s cuisin\u00e9s par les adh\u00e9rents. Encore &hellip;<\/p>\n<p class=\"read-more\"> <a class=\"\" href=\"https:\/\/www.retraitesportivesaves.fr\/index.php\/2020\/03\/01\/j-28-06-2018-fin-de-saison-festive\/\"> <span class=\"screen-reader-text\">J. 28\/06\/2018 &#8211; Fin de saison festive<\/span> Lire la suite\u00a0\u00bb<\/a><\/p>\n","protected":false},"author":1,"featured_media":26363,"comment_status":"closed","ping_status":"closed","sticky":false,"template":"","format":"standard","meta":{"_monsterinsights_skip_tracking":false,"_monsterinsights_sitenote_active":false,"_monsterinsights_sitenote_note":"","_monsterinsights_sitenote_category":0,"footnotes":""},"categories":[1],"tags":[],"uagb_featured_image_src":{"full":["https:\/\/www.retraitesportivesaves.fr\/wp-content\/uploads\/2020\/03\/REPASAAG2018-2.jpg",350,316,false],"thumbnail":["https:\/\/www.retraitesportivesaves.fr\/wp-content\/uploads\/2020\/03\/REPASAAG2018-2-150x150.jpg",150,150,true],"medium":["https:\/\/www.retraitesportivesaves.fr\/wp-content\/uploads\/2020\/03\/REPASAAG2018-2-300x271.jpg",300,271,true],"medium_large":["https:\/\/www.retraitesportivesaves.fr\/wp-content\/uploads\/2020\/03\/REPASAAG2018-2.jpg",350,316,false],"large":["https:\/\/www.retraitesportivesaves.fr\/wp-content\/uploads\/2020\/03\/REPASAAG2018-2.jpg",350,316,false],"1536x1536":["https:\/\/www.retraitesportivesaves.fr\/wp-content\/uploads\/2020\/03\/REPASAAG2018-2.jpg",350,316,false],"2048x2048":["https:\/\/www.retraitesportivesaves.fr\/wp-content\/uploads\/2020\/03\/REPASAAG2018-2.jpg",350,316,false]},"uagb_author_info":{"display_name":"admin9078","author_link":"https:\/\/www.retraitesportivesaves.fr\/index.php\/author\/admin9078\/"},"uagb_comment_info":0,"uagb_excerpt":"La saison sportive 2017\/2018 s&rsquo;ach\u00e8ve. Pour cl\u00f4turer l&rsquo;ann\u00e9e en beaut\u00e9, le club avait organis\u00e9, \u00e0 la Halle au Gras de Samatan, apr\u00e8s son Assembl\u00e9e G\u00e9n\u00e9rale, son repas habituel type auberge espagnole. L&rsquo;ap\u00e9ro, les vins et le caf\u00e9 \u00e9taient offerts par&nbsp;le Comit\u00e9 Directeur auxquels sont venus s&rsquo;ajouter d&rsquo;excellents plats, sucr\u00e9s, sal\u00e9s cuisin\u00e9s par les adh\u00e9rents. Encore\u2026","_links":{"self":[{"href":"https:\/\/www.retraitesportivesaves.fr\/index.php\/wp-json\/wp\/v2\/posts\/26361"}],"collection":[{"href":"https:\/\/www.retraitesportivesaves.fr\/index.php\/wp-json\/wp\/v2\/posts"}],"about":[{"href":"https:\/\/www.retraitesportivesaves.fr\/index.php\/wp-json\/wp\/v2\/types\/post"}],"author":[{"embeddable":true,"href":"https:\/\/www.retraitesportivesaves.fr\/index.php\/wp-json\/wp\/v2\/users\/1"}],"replies":[{"embeddable":true,"href":"https:\/\/www.retraitesportivesaves.fr\/index.php\/wp-json\/wp\/v2\/comments?post=26361"}],"version-history":[{"count":2,"href":"https:\/\/www.retraitesportivesaves.fr\/index.php\/wp-json\/wp\/v2\/posts\/26361\/revisions"}],"predecessor-version":[{"id":26364,"href":"https:\/\/www.retraitesportivesaves.fr\/index.php\/wp-json\/wp\/v2\/posts\/26361\/revisions\/26364"}],"wp:featuredmedia":[{"embeddable":true,"href":"https:\/\/www.retraitesportivesaves.fr\/index.php\/wp-json\/wp\/v2\/media\/26363"}],"wp:attachment":[{"href":"https:\/\/www.retraitesportivesaves.fr\/index.php\/wp-json\/wp\/v2\/media?parent=26361"}],"wp:term":[{"taxonomy":"category","embeddable":true,"href":"https:\/\/www.retraitesportivesaves.fr\/index.php\/wp-json\/wp\/v2\/categories?post=26361"},{"taxonomy":"post_tag","embeddable":true,"href":"https:\/\/www.retraitesportivesaves.fr\/index.php\/wp-json\/wp\/v2\/tags?post=26361"}],"curies":[{"name":"wp","href":"https:\/\/api.w.org\/{rel}","templated":true}]}}