{"id":26403,"date":"2020-03-01T14:49:00","date_gmt":"2020-03-01T13:49:00","guid":{"rendered":"http:\/\/tzzetjt.cluster026.hosting.ovh.net\/?p=26403"},"modified":"2020-03-01T21:52:27","modified_gmt":"2020-03-01T20:52:27","slug":"v-12-01-2018-les-rois-de-la-marche-nordique","status":"publish","type":"post","link":"https:\/\/www.retraitesportivesaves.fr\/index.php\/2020\/03\/01\/v-12-01-2018-les-rois-de-la-marche-nordique\/","title":{"rendered":"V. 12\/01\/2018 Les rois de la marche nordique"},"content":{"rendered":"<p>Beaucoup de marcheurs en cette matin\u00e9e ensoleill\u00e9e. Nous sommes ravis de cet engouement.<\/p>\n<p>\u00c9chauffements, renforcements et \u00e9tirements vigoureux : r\u00e9sultats des bonnes r\u00e9solutions prises&nbsp;pour 2018.<\/p>\n<p>Un ap\u00e9ro gourmand bien m\u00e9rit\u00e9 cl\u00f4turait la s\u00e9ance.<\/p>\n","protected":false},"excerpt":{"rendered":"<p>Beaucoup de marcheurs en cette matin\u00e9e ensoleill\u00e9e. Nous sommes ravis de cet engouement. \u00c9chauffements, renforcements et \u00e9tirements vigoureux : r\u00e9sultats des bonnes r\u00e9solutions prises&nbsp;pour 2018. Un ap\u00e9ro gourmand bien m\u00e9rit\u00e9 cl\u00f4turait la s\u00e9ance.<\/p>\n","protected":false},"author":1,"featured_media":26405,"comment_status":"closed","ping_status":"closed","sticky":false,"template":"","format":"standard","meta":{"_monsterinsights_skip_tracking":false,"_monsterinsights_sitenote_active":false,"_monsterinsights_sitenote_note":"","_monsterinsights_sitenote_category":0,"footnotes":""},"categories":[1],"tags":[],"uagb_featured_image_src":{"full":["https:\/\/www.retraitesportivesaves.fr\/wp-content\/uploads\/2020\/03\/MN-120118.jpg",400,300,false],"thumbnail":["https:\/\/www.retraitesportivesaves.fr\/wp-content\/uploads\/2020\/03\/MN-120118-150x150.jpg",150,150,true],"medium":["https:\/\/www.retraitesportivesaves.fr\/wp-content\/uploads\/2020\/03\/MN-120118-300x225.jpg",300,225,true],"medium_large":["https:\/\/www.retraitesportivesaves.fr\/wp-content\/uploads\/2020\/03\/MN-120118.jpg",400,300,false],"large":["https:\/\/www.retraitesportivesaves.fr\/wp-content\/uploads\/2020\/03\/MN-120118.jpg",400,300,false],"1536x1536":["https:\/\/www.retraitesportivesaves.fr\/wp-content\/uploads\/2020\/03\/MN-120118.jpg",400,300,false],"2048x2048":["https:\/\/www.retraitesportivesaves.fr\/wp-content\/uploads\/2020\/03\/MN-120118.jpg",400,300,false]},"uagb_author_info":{"display_name":"admin9078","author_link":"https:\/\/www.retraitesportivesaves.fr\/index.php\/author\/admin9078\/"},"uagb_comment_info":0,"uagb_excerpt":"Beaucoup de marcheurs en cette matin\u00e9e ensoleill\u00e9e. Nous sommes ravis de cet engouement. \u00c9chauffements, renforcements et \u00e9tirements vigoureux : r\u00e9sultats des bonnes r\u00e9solutions prises&nbsp;pour 2018. Un ap\u00e9ro gourmand bien m\u00e9rit\u00e9 cl\u00f4turait la s\u00e9ance.","_links":{"self":[{"href":"https:\/\/www.retraitesportivesaves.fr\/index.php\/wp-json\/wp\/v2\/posts\/26403"}],"collection":[{"href":"https:\/\/www.retraitesportivesaves.fr\/index.php\/wp-json\/wp\/v2\/posts"}],"about":[{"href":"https:\/\/www.retraitesportivesaves.fr\/index.php\/wp-json\/wp\/v2\/types\/post"}],"author":[{"embeddable":true,"href":"https:\/\/www.retraitesportivesaves.fr\/index.php\/wp-json\/wp\/v2\/users\/1"}],"replies":[{"embeddable":true,"href":"https:\/\/www.retraitesportivesaves.fr\/index.php\/wp-json\/wp\/v2\/comments?post=26403"}],"version-history":[{"count":2,"href":"https:\/\/www.retraitesportivesaves.fr\/index.php\/wp-json\/wp\/v2\/posts\/26403\/revisions"}],"predecessor-version":[{"id":26406,"href":"https:\/\/www.retraitesportivesaves.fr\/index.php\/wp-json\/wp\/v2\/posts\/26403\/revisions\/26406"}],"wp:featuredmedia":[{"embeddable":true,"href":"https:\/\/www.retraitesportivesaves.fr\/index.php\/wp-json\/wp\/v2\/media\/26405"}],"wp:attachment":[{"href":"https:\/\/www.retraitesportivesaves.fr\/index.php\/wp-json\/wp\/v2\/media?parent=26403"}],"wp:term":[{"taxonomy":"category","embeddable":true,"href":"https:\/\/www.retraitesportivesaves.fr\/index.php\/wp-json\/wp\/v2\/categories?post=26403"},{"taxonomy":"post_tag","embeddable":true,"href":"https:\/\/www.retraitesportivesaves.fr\/index.php\/wp-json\/wp\/v2\/tags?post=26403"}],"curies":[{"name":"wp","href":"https:\/\/api.w.org\/{rel}","templated":true}]}}