{"id":26422,"date":"2020-03-01T14:45:00","date_gmt":"2020-03-01T13:45:00","guid":{"rendered":"http:\/\/tzzetjt.cluster026.hosting.ovh.net\/?p=26422"},"modified":"2020-03-01T21:50:40","modified_gmt":"2020-03-01T20:50:40","slug":"s-9-12-2017-telethon","status":"publish","type":"post","link":"https:\/\/www.retraitesportivesaves.fr\/index.php\/2020\/03\/01\/s-9-12-2017-telethon\/","title":{"rendered":"S. 9\/12\/2017 T\u00e9l\u00e9thon"},"content":{"rendered":"<div>En cette matin\u00e9e froide et ensoleill\u00e9e, le club avait mobilis\u00e9 ses adh\u00e9rents pour une s\u00e9ance de&nbsp;marche nordique et de swin golf au profit du T\u00e9l\u00e9thon.<\/div>\n<div><\/div>\n<div>Des tours de lac avec les b\u00e2tons et des lancers de balle ont concr\u00e9tis\u00e9 notre contribution&nbsp;\u00e0 cette manifestation de solidarit\u00e9.<\/div>\n<div>Merci pour votre participation et votre g\u00e9n\u00e9rosit\u00e9.<\/div>\n<div><\/div>\n<div>\n<div><img loading=\"lazy\" decoding=\"async\" class=\"aligncenter\" src=\"https:\/\/www.retraitesportivesaves.fr\/wp-content\/uploads\/2020\/03\/TELETHON2.jpg\" width=\"234\" height=\"175\"><\/div>\n<\/div>\n","protected":false},"excerpt":{"rendered":"<p>En cette matin\u00e9e froide et ensoleill\u00e9e, le club avait mobilis\u00e9 ses adh\u00e9rents pour une s\u00e9ance de&nbsp;marche nordique et de swin golf au profit du T\u00e9l\u00e9thon. Des tours de lac avec les b\u00e2tons et des lancers de balle ont concr\u00e9tis\u00e9 notre contribution&nbsp;\u00e0 cette manifestation de solidarit\u00e9. Merci pour votre participation et votre g\u00e9n\u00e9rosit\u00e9.<\/p>\n","protected":false},"author":1,"featured_media":26426,"comment_status":"closed","ping_status":"closed","sticky":false,"template":"","format":"standard","meta":{"_monsterinsights_skip_tracking":false,"_monsterinsights_sitenote_active":false,"_monsterinsights_sitenote_note":"","_monsterinsights_sitenote_category":0,"footnotes":""},"categories":[1],"tags":[],"uagb_featured_image_src":{"full":["https:\/\/www.retraitesportivesaves.fr\/wp-content\/uploads\/2020\/03\/TELETHON1.jpg",180,135,false],"thumbnail":["https:\/\/www.retraitesportivesaves.fr\/wp-content\/uploads\/2020\/03\/TELETHON1-150x135.jpg",150,135,true],"medium":["https:\/\/www.retraitesportivesaves.fr\/wp-content\/uploads\/2020\/03\/TELETHON1.jpg",180,135,false],"medium_large":["https:\/\/www.retraitesportivesaves.fr\/wp-content\/uploads\/2020\/03\/TELETHON1.jpg",180,135,false],"large":["https:\/\/www.retraitesportivesaves.fr\/wp-content\/uploads\/2020\/03\/TELETHON1.jpg",180,135,false],"1536x1536":["https:\/\/www.retraitesportivesaves.fr\/wp-content\/uploads\/2020\/03\/TELETHON1.jpg",180,135,false],"2048x2048":["https:\/\/www.retraitesportivesaves.fr\/wp-content\/uploads\/2020\/03\/TELETHON1.jpg",180,135,false]},"uagb_author_info":{"display_name":"admin9078","author_link":"https:\/\/www.retraitesportivesaves.fr\/index.php\/author\/admin9078\/"},"uagb_comment_info":0,"uagb_excerpt":"En cette matin\u00e9e froide et ensoleill\u00e9e, le club avait mobilis\u00e9 ses adh\u00e9rents pour une s\u00e9ance de&nbsp;marche nordique et de swin golf au profit du T\u00e9l\u00e9thon. Des tours de lac avec les b\u00e2tons et des lancers de balle ont concr\u00e9tis\u00e9 notre contribution&nbsp;\u00e0 cette manifestation de solidarit\u00e9. Merci pour votre participation et votre g\u00e9n\u00e9rosit\u00e9.","_links":{"self":[{"href":"https:\/\/www.retraitesportivesaves.fr\/index.php\/wp-json\/wp\/v2\/posts\/26422"}],"collection":[{"href":"https:\/\/www.retraitesportivesaves.fr\/index.php\/wp-json\/wp\/v2\/posts"}],"about":[{"href":"https:\/\/www.retraitesportivesaves.fr\/index.php\/wp-json\/wp\/v2\/types\/post"}],"author":[{"embeddable":true,"href":"https:\/\/www.retraitesportivesaves.fr\/index.php\/wp-json\/wp\/v2\/users\/1"}],"replies":[{"embeddable":true,"href":"https:\/\/www.retraitesportivesaves.fr\/index.php\/wp-json\/wp\/v2\/comments?post=26422"}],"version-history":[{"count":5,"href":"https:\/\/www.retraitesportivesaves.fr\/index.php\/wp-json\/wp\/v2\/posts\/26422\/revisions"}],"predecessor-version":[{"id":26548,"href":"https:\/\/www.retraitesportivesaves.fr\/index.php\/wp-json\/wp\/v2\/posts\/26422\/revisions\/26548"}],"wp:featuredmedia":[{"embeddable":true,"href":"https:\/\/www.retraitesportivesaves.fr\/index.php\/wp-json\/wp\/v2\/media\/26426"}],"wp:attachment":[{"href":"https:\/\/www.retraitesportivesaves.fr\/index.php\/wp-json\/wp\/v2\/media?parent=26422"}],"wp:term":[{"taxonomy":"category","embeddable":true,"href":"https:\/\/www.retraitesportivesaves.fr\/index.php\/wp-json\/wp\/v2\/categories?post=26422"},{"taxonomy":"post_tag","embeddable":true,"href":"https:\/\/www.retraitesportivesaves.fr\/index.php\/wp-json\/wp\/v2\/tags?post=26422"}],"curies":[{"name":"wp","href":"https:\/\/api.w.org\/{rel}","templated":true}]}}