{"id":26490,"date":"2020-03-01T14:34:00","date_gmt":"2020-03-01T13:34:00","guid":{"rendered":"http:\/\/tzzetjt.cluster026.hosting.ovh.net\/?p=26490"},"modified":"2020-03-01T21:37:45","modified_gmt":"2020-03-01T20:37:45","slug":"v-2-et-s-3-12-2016-telethon","status":"publish","type":"post","link":"https:\/\/www.retraitesportivesaves.fr\/index.php\/2020\/03\/01\/v-2-et-s-3-12-2016-telethon\/","title":{"rendered":"V. 2 et S. 3\/12\/2016 T\u00e9l\u00e9thon"},"content":{"rendered":"<p>Dans le cadre de ses s\u00e9ances hebdomadaires de marche nordique, le CRSS a march\u00e9 pour le T\u00e9l\u00e9thon. Durant ces 2 matin\u00e9es ensoleill\u00e9es, une quarantaine d&rsquo;adh\u00e9rents ont brav\u00e9 le froid et effectu\u00e9 plusieurs fois le tour du lac de Samatan. Une urne \u00e9tait \u00e0 disposition pour recueillir leurs dons au profit de l&rsquo;association AFM T\u00e9l\u00e9thon. Merci \u00e0 tous pour votre g\u00e9n\u00e9rosit\u00e9.<\/p>\n","protected":false},"excerpt":{"rendered":"<p>Dans le cadre de ses s\u00e9ances hebdomadaires de marche nordique, le CRSS a march\u00e9 pour le T\u00e9l\u00e9thon. Durant ces 2 matin\u00e9es ensoleill\u00e9es, une quarantaine d&rsquo;adh\u00e9rents ont brav\u00e9 le froid et effectu\u00e9 plusieurs fois le tour du lac de Samatan. Une urne \u00e9tait \u00e0 disposition pour recueillir leurs dons au profit de l&rsquo;association AFM T\u00e9l\u00e9thon. Merci &hellip;<\/p>\n<p class=\"read-more\"> <a class=\"\" href=\"https:\/\/www.retraitesportivesaves.fr\/index.php\/2020\/03\/01\/v-2-et-s-3-12-2016-telethon\/\"> <span class=\"screen-reader-text\">V. 2 et S. 3\/12\/2016 T\u00e9l\u00e9thon<\/span> Lire la suite\u00a0\u00bb<\/a><\/p>\n","protected":false},"author":1,"featured_media":26493,"comment_status":"closed","ping_status":"closed","sticky":false,"template":"","format":"standard","meta":{"_monsterinsights_skip_tracking":false,"_monsterinsights_sitenote_active":false,"_monsterinsights_sitenote_note":"","_monsterinsights_sitenote_category":0,"footnotes":""},"categories":[1],"tags":[],"uagb_featured_image_src":{"full":["https:\/\/www.retraitesportivesaves.fr\/wp-content\/uploads\/2020\/03\/TELETHON.jpg",396,180,false],"thumbnail":["https:\/\/www.retraitesportivesaves.fr\/wp-content\/uploads\/2020\/03\/TELETHON-150x150.jpg",150,150,true],"medium":["https:\/\/www.retraitesportivesaves.fr\/wp-content\/uploads\/2020\/03\/TELETHON-300x136.jpg",300,136,true],"medium_large":["https:\/\/www.retraitesportivesaves.fr\/wp-content\/uploads\/2020\/03\/TELETHON.jpg",396,180,false],"large":["https:\/\/www.retraitesportivesaves.fr\/wp-content\/uploads\/2020\/03\/TELETHON.jpg",396,180,false],"1536x1536":["https:\/\/www.retraitesportivesaves.fr\/wp-content\/uploads\/2020\/03\/TELETHON.jpg",396,180,false],"2048x2048":["https:\/\/www.retraitesportivesaves.fr\/wp-content\/uploads\/2020\/03\/TELETHON.jpg",396,180,false]},"uagb_author_info":{"display_name":"admin9078","author_link":"https:\/\/www.retraitesportivesaves.fr\/index.php\/author\/admin9078\/"},"uagb_comment_info":0,"uagb_excerpt":"Dans le cadre de ses s\u00e9ances hebdomadaires de marche nordique, le CRSS a march\u00e9 pour le T\u00e9l\u00e9thon. Durant ces 2 matin\u00e9es ensoleill\u00e9es, une quarantaine d&rsquo;adh\u00e9rents ont brav\u00e9 le froid et effectu\u00e9 plusieurs fois le tour du lac de Samatan. Une urne \u00e9tait \u00e0 disposition pour recueillir leurs dons au profit de l&rsquo;association AFM T\u00e9l\u00e9thon. Merci\u2026","_links":{"self":[{"href":"https:\/\/www.retraitesportivesaves.fr\/index.php\/wp-json\/wp\/v2\/posts\/26490"}],"collection":[{"href":"https:\/\/www.retraitesportivesaves.fr\/index.php\/wp-json\/wp\/v2\/posts"}],"about":[{"href":"https:\/\/www.retraitesportivesaves.fr\/index.php\/wp-json\/wp\/v2\/types\/post"}],"author":[{"embeddable":true,"href":"https:\/\/www.retraitesportivesaves.fr\/index.php\/wp-json\/wp\/v2\/users\/1"}],"replies":[{"embeddable":true,"href":"https:\/\/www.retraitesportivesaves.fr\/index.php\/wp-json\/wp\/v2\/comments?post=26490"}],"version-history":[{"count":2,"href":"https:\/\/www.retraitesportivesaves.fr\/index.php\/wp-json\/wp\/v2\/posts\/26490\/revisions"}],"predecessor-version":[{"id":26492,"href":"https:\/\/www.retraitesportivesaves.fr\/index.php\/wp-json\/wp\/v2\/posts\/26490\/revisions\/26492"}],"wp:featuredmedia":[{"embeddable":true,"href":"https:\/\/www.retraitesportivesaves.fr\/index.php\/wp-json\/wp\/v2\/media\/26493"}],"wp:attachment":[{"href":"https:\/\/www.retraitesportivesaves.fr\/index.php\/wp-json\/wp\/v2\/media?parent=26490"}],"wp:term":[{"taxonomy":"category","embeddable":true,"href":"https:\/\/www.retraitesportivesaves.fr\/index.php\/wp-json\/wp\/v2\/categories?post=26490"},{"taxonomy":"post_tag","embeddable":true,"href":"https:\/\/www.retraitesportivesaves.fr\/index.php\/wp-json\/wp\/v2\/tags?post=26490"}],"curies":[{"name":"wp","href":"https:\/\/api.w.org\/{rel}","templated":true}]}}