{"id":27532,"date":"2020-09-25T12:01:29","date_gmt":"2020-09-25T10:01:29","guid":{"rendered":"https:\/\/www.retraitesportivesaves.fr\/?p=27532"},"modified":"2020-09-25T12:43:31","modified_gmt":"2020-09-25T10:43:31","slug":"ma-22-09-2020-la-memoire-se-reveille","status":"publish","type":"post","link":"https:\/\/www.retraitesportivesaves.fr\/index.php\/2020\/09\/25\/ma-22-09-2020-la-memoire-se-reveille\/","title":{"rendered":"Ma. 22\/09\/2020 &#8211; La m\u00e9moire se r\u00e9veille"},"content":{"rendered":"\n<p>\u00ab\u00a0M\u00e9moire en \u00e9veil\u00a0\u00bb, cette nouvelle activit\u00e9 avait d\u00e9but\u00e9 fin novembre 2019. Le confinement l&rsquo;avait contrainte \u00e0 stopper au bout de 10 s\u00e9ances.  La m\u00e9moire comme le corps se sont un peu endormis durant cette longue p\u00e9riode suivie des vacances.  La reprise \u00e9tait donc attendue. Apr\u00e8s quelques rappels sur l&rsquo;organisation, les objectifs et les bienfaits escompt\u00e9s de ces ateliers, les 2 animateurs ont lanc\u00e9 les 90 minutes hebdomadaires de remue-m\u00e9ninges pour stimuler de fa\u00e7on progressive les diff\u00e9rentes formes de m\u00e9moire par l&rsquo;attention, la logique, l&rsquo;imagination, l&rsquo;observation et la concentration. Pour cette remise en marche, les participants et les animateurs ont planch\u00e9 sur 6 exercices ludiques de recherches de mots selon des approches diff\u00e9rentes, d&rsquo;\u00e9nigme et de visualisation.<\/p>\n\n\n\n<p>Donner du pep&rsquo;s \u00e0 ses neurones dans un esprit convivial en s&rsquo;amusant, en \u00e9changeant, en partageant, etc., cette premi\u00e8re s\u00e9ance augure de bons moments de plaisir et d&rsquo;enrichissement collectifs.<\/p>\n","protected":false},"excerpt":{"rendered":"<p>\u00ab\u00a0M\u00e9moire en \u00e9veil\u00a0\u00bb, cette nouvelle activit\u00e9 avait d\u00e9but\u00e9 fin novembre 2019. Le confinement l&rsquo;avait contrainte \u00e0 stopper au bout de 10 s\u00e9ances. La m\u00e9moire comme le corps se sont un peu endormis durant cette longue p\u00e9riode suivie des vacances. La reprise \u00e9tait donc attendue. Apr\u00e8s quelques rappels sur l&rsquo;organisation, les objectifs et les bienfaits escompt\u00e9s &hellip;<\/p>\n<p class=\"read-more\"> <a class=\"\" href=\"https:\/\/www.retraitesportivesaves.fr\/index.php\/2020\/09\/25\/ma-22-09-2020-la-memoire-se-reveille\/\"> <span class=\"screen-reader-text\">Ma. 22\/09\/2020 &#8211; La m\u00e9moire se r\u00e9veille<\/span> Lire la suite\u00a0\u00bb<\/a><\/p>\n","protected":false},"author":1,"featured_media":27534,"comment_status":"closed","ping_status":"closed","sticky":false,"template":"","format":"standard","meta":{"_monsterinsights_skip_tracking":false,"_monsterinsights_sitenote_active":false,"_monsterinsights_sitenote_note":"","_monsterinsights_sitenote_category":0,"footnotes":""},"categories":[1],"tags":[],"uagb_featured_image_src":{"full":["https:\/\/www.retraitesportivesaves.fr\/wp-content\/uploads\/2020\/09\/MEMOIRE-scaled.jpg",2560,1440,false],"thumbnail":["https:\/\/www.retraitesportivesaves.fr\/wp-content\/uploads\/2020\/09\/MEMOIRE-150x150.jpg",150,150,true],"medium":["https:\/\/www.retraitesportivesaves.fr\/wp-content\/uploads\/2020\/09\/MEMOIRE-300x169.jpg",300,169,true],"medium_large":["https:\/\/www.retraitesportivesaves.fr\/wp-content\/uploads\/2020\/09\/MEMOIRE-768x432.jpg",768,432,true],"large":["https:\/\/www.retraitesportivesaves.fr\/wp-content\/uploads\/2020\/09\/MEMOIRE-1024x576.jpg",1024,576,true],"1536x1536":["https:\/\/www.retraitesportivesaves.fr\/wp-content\/uploads\/2020\/09\/MEMOIRE-1536x864.jpg",1536,864,true],"2048x2048":["https:\/\/www.retraitesportivesaves.fr\/wp-content\/uploads\/2020\/09\/MEMOIRE-2048x1152.jpg",2048,1152,true]},"uagb_author_info":{"display_name":"admin9078","author_link":"https:\/\/www.retraitesportivesaves.fr\/index.php\/author\/admin9078\/"},"uagb_comment_info":0,"uagb_excerpt":"\u00ab\u00a0M\u00e9moire en \u00e9veil\u00a0\u00bb, cette nouvelle activit\u00e9 avait d\u00e9but\u00e9 fin novembre 2019. Le confinement l&rsquo;avait contrainte \u00e0 stopper au bout de 10 s\u00e9ances. La m\u00e9moire comme le corps se sont un peu endormis durant cette longue p\u00e9riode suivie des vacances. La reprise \u00e9tait donc attendue. Apr\u00e8s quelques rappels sur l&rsquo;organisation, les objectifs et les bienfaits escompt\u00e9s\u2026","_links":{"self":[{"href":"https:\/\/www.retraitesportivesaves.fr\/index.php\/wp-json\/wp\/v2\/posts\/27532"}],"collection":[{"href":"https:\/\/www.retraitesportivesaves.fr\/index.php\/wp-json\/wp\/v2\/posts"}],"about":[{"href":"https:\/\/www.retraitesportivesaves.fr\/index.php\/wp-json\/wp\/v2\/types\/post"}],"author":[{"embeddable":true,"href":"https:\/\/www.retraitesportivesaves.fr\/index.php\/wp-json\/wp\/v2\/users\/1"}],"replies":[{"embeddable":true,"href":"https:\/\/www.retraitesportivesaves.fr\/index.php\/wp-json\/wp\/v2\/comments?post=27532"}],"version-history":[{"count":3,"href":"https:\/\/www.retraitesportivesaves.fr\/index.php\/wp-json\/wp\/v2\/posts\/27532\/revisions"}],"predecessor-version":[{"id":27536,"href":"https:\/\/www.retraitesportivesaves.fr\/index.php\/wp-json\/wp\/v2\/posts\/27532\/revisions\/27536"}],"wp:featuredmedia":[{"embeddable":true,"href":"https:\/\/www.retraitesportivesaves.fr\/index.php\/wp-json\/wp\/v2\/media\/27534"}],"wp:attachment":[{"href":"https:\/\/www.retraitesportivesaves.fr\/index.php\/wp-json\/wp\/v2\/media?parent=27532"}],"wp:term":[{"taxonomy":"category","embeddable":true,"href":"https:\/\/www.retraitesportivesaves.fr\/index.php\/wp-json\/wp\/v2\/categories?post=27532"},{"taxonomy":"post_tag","embeddable":true,"href":"https:\/\/www.retraitesportivesaves.fr\/index.php\/wp-json\/wp\/v2\/tags?post=27532"}],"curies":[{"name":"wp","href":"https:\/\/api.w.org\/{rel}","templated":true}]}}