{"id":27816,"date":"2021-03-10T19:27:12","date_gmt":"2021-03-10T18:27:12","guid":{"rendered":"https:\/\/www.retraitesportivesaves.fr\/?p=27816"},"modified":"2021-03-10T20:41:43","modified_gmt":"2021-03-10T19:41:43","slug":"ma-08-03-2021-on-repart","status":"publish","type":"post","link":"https:\/\/www.retraitesportivesaves.fr\/index.php\/2021\/03\/10\/ma-08-03-2021-on-repart\/","title":{"rendered":"Ma. 08\/03\/2021 &#8211; On red\u00e9marre !"},"content":{"rendered":"\n<p>La crise sanitaire a oblig\u00e9 une nouvelle fois le club \u00e0 suspendre ses activit\u00e9s d\u00e9but novembre 2020, activit\u00e9s en int\u00e9rieur comme en ext\u00e9rieur devenant prohib\u00e9es pour les adultes. Dans les lieux publics, et en respectant les gestes barri\u00e8res, la derni\u00e8re r\u00e8glementation permet des rassemblements de 6 personnes maxi. La belle saison pointant, cette solution est choisie par d\u00e9faut pour tenter de se r\u00e9unir en toute s\u00e9curit\u00e9. Pour cette reprise, d\u00e8s 9h, 16 randonneurs, par groupe de 5 et son accompagnateur, ont d\u00e9marr\u00e9, avec d\u00e9parts espac\u00e9s, les 9 km du chemin d&rsquo;En Jannet Carreau entre Aurimont et Saint Andr\u00e9. Vue d\u00e9gag\u00e9e, un peu frais, gadoue par endroits, c&rsquo;\u00e9tait un r\u00e9el plaisir, de se retrouver, apr\u00e8s une si longue pause, sous un soleil radieux. Exp\u00e9rience r\u00e9ussie, d&rsquo;autres activit\u00e9s vont \u00eatre repens\u00e9es et adapt\u00e9es aux contraintes Covid pour \u00eatre relanc\u00e9es dans les prochains jours. Des tutos sont adress\u00e9s pour les disciplines qui ne peuvent reprendre en int\u00e9rieur.<\/p>\n","protected":false},"excerpt":{"rendered":"<p>La crise sanitaire a oblig\u00e9 une nouvelle fois le club \u00e0 suspendre ses activit\u00e9s d\u00e9but novembre 2020, activit\u00e9s en int\u00e9rieur comme en ext\u00e9rieur devenant prohib\u00e9es pour les adultes. Dans les lieux publics, et en respectant les gestes barri\u00e8res, la derni\u00e8re r\u00e8glementation permet des rassemblements de 6 personnes maxi. La belle saison pointant, cette solution est &hellip;<\/p>\n<p class=\"read-more\"> <a class=\"\" href=\"https:\/\/www.retraitesportivesaves.fr\/index.php\/2021\/03\/10\/ma-08-03-2021-on-repart\/\"> <span class=\"screen-reader-text\">Ma. 08\/03\/2021 &#8211; On red\u00e9marre !<\/span> Lire la suite\u00a0\u00bb<\/a><\/p>\n","protected":false},"author":1,"featured_media":27815,"comment_status":"closed","ping_status":"closed","sticky":false,"template":"","format":"standard","meta":{"_monsterinsights_skip_tracking":false,"_monsterinsights_sitenote_active":false,"_monsterinsights_sitenote_note":"","_monsterinsights_sitenote_category":0,"footnotes":""},"categories":[1],"tags":[],"uagb_featured_image_src":{"full":["https:\/\/www.retraitesportivesaves.fr\/wp-content\/uploads\/2021\/03\/AURIMONT.png",558,493,false],"thumbnail":["https:\/\/www.retraitesportivesaves.fr\/wp-content\/uploads\/2021\/03\/AURIMONT-150x150.png",150,150,true],"medium":["https:\/\/www.retraitesportivesaves.fr\/wp-content\/uploads\/2021\/03\/AURIMONT-300x265.png",300,265,true],"medium_large":["https:\/\/www.retraitesportivesaves.fr\/wp-content\/uploads\/2021\/03\/AURIMONT.png",558,493,false],"large":["https:\/\/www.retraitesportivesaves.fr\/wp-content\/uploads\/2021\/03\/AURIMONT.png",558,493,false],"1536x1536":["https:\/\/www.retraitesportivesaves.fr\/wp-content\/uploads\/2021\/03\/AURIMONT.png",558,493,false],"2048x2048":["https:\/\/www.retraitesportivesaves.fr\/wp-content\/uploads\/2021\/03\/AURIMONT.png",558,493,false]},"uagb_author_info":{"display_name":"admin9078","author_link":"https:\/\/www.retraitesportivesaves.fr\/index.php\/author\/admin9078\/"},"uagb_comment_info":0,"uagb_excerpt":"La crise sanitaire a oblig\u00e9 une nouvelle fois le club \u00e0 suspendre ses activit\u00e9s d\u00e9but novembre 2020, activit\u00e9s en int\u00e9rieur comme en ext\u00e9rieur devenant prohib\u00e9es pour les adultes. Dans les lieux publics, et en respectant les gestes barri\u00e8res, la derni\u00e8re r\u00e8glementation permet des rassemblements de 6 personnes maxi. La belle saison pointant, cette solution est\u2026","_links":{"self":[{"href":"https:\/\/www.retraitesportivesaves.fr\/index.php\/wp-json\/wp\/v2\/posts\/27816"}],"collection":[{"href":"https:\/\/www.retraitesportivesaves.fr\/index.php\/wp-json\/wp\/v2\/posts"}],"about":[{"href":"https:\/\/www.retraitesportivesaves.fr\/index.php\/wp-json\/wp\/v2\/types\/post"}],"author":[{"embeddable":true,"href":"https:\/\/www.retraitesportivesaves.fr\/index.php\/wp-json\/wp\/v2\/users\/1"}],"replies":[{"embeddable":true,"href":"https:\/\/www.retraitesportivesaves.fr\/index.php\/wp-json\/wp\/v2\/comments?post=27816"}],"version-history":[{"count":9,"href":"https:\/\/www.retraitesportivesaves.fr\/index.php\/wp-json\/wp\/v2\/posts\/27816\/revisions"}],"predecessor-version":[{"id":27825,"href":"https:\/\/www.retraitesportivesaves.fr\/index.php\/wp-json\/wp\/v2\/posts\/27816\/revisions\/27825"}],"wp:featuredmedia":[{"embeddable":true,"href":"https:\/\/www.retraitesportivesaves.fr\/index.php\/wp-json\/wp\/v2\/media\/27815"}],"wp:attachment":[{"href":"https:\/\/www.retraitesportivesaves.fr\/index.php\/wp-json\/wp\/v2\/media?parent=27816"}],"wp:term":[{"taxonomy":"category","embeddable":true,"href":"https:\/\/www.retraitesportivesaves.fr\/index.php\/wp-json\/wp\/v2\/categories?post=27816"},{"taxonomy":"post_tag","embeddable":true,"href":"https:\/\/www.retraitesportivesaves.fr\/index.php\/wp-json\/wp\/v2\/tags?post=27816"}],"curies":[{"name":"wp","href":"https:\/\/api.w.org\/{rel}","templated":true}]}}