{"id":28539,"date":"2021-12-04T11:57:29","date_gmt":"2021-12-04T10:57:29","guid":{"rendered":"https:\/\/www.retraitesportivesaves.fr\/?p=28539"},"modified":"2021-12-13T14:22:08","modified_gmt":"2021-12-13T13:22:08","slug":"s-04-12-21-telethon","status":"publish","type":"post","link":"https:\/\/www.retraitesportivesaves.fr\/index.php\/2021\/12\/04\/s-04-12-21-telethon\/","title":{"rendered":"S. 04\/12\/2021 &#8211; T\u00e9l\u00e9thon"},"content":{"rendered":"\n<p>Si la pluie en a d\u00e9courag\u00e9 quelques-uns, les plus valeureux ont r\u00e9pondu pr\u00e9sent \u00e0 cette belle action de solidarit\u00e9 \u00e0 laquelle le CRSS s&rsquo;associe chaque ann\u00e9e. Apr\u00e8s un rassemblement au lac sous les parapluies, tous ont port\u00e9 l&rsquo;urne au PC organisationnel et se sont r\u00e9unis autour d&rsquo;un bon caf\u00e9 ou d&rsquo;un chocolat fumant pour se r\u00e9chauffer. 125\u20ac ont \u00e9t\u00e9 r\u00e9colt\u00e9s et vers\u00e9s \u00e0 l&rsquo;AFM T\u00e9l\u00e9thon. Merci aux donateurs pour leur g\u00e9n\u00e9rosit\u00e9.<\/p>\n\n\n\n<div class=\"wp-block-image\"><figure class=\"aligncenter size-large is-resized\"><img loading=\"lazy\" decoding=\"async\" src=\"https:\/\/www.retraitesportivesaves.fr\/wp-content\/uploads\/2021\/12\/20211204_095418-1024x768.jpg\" alt=\"\" class=\"wp-image-28538\" width=\"582\" height=\"435\"\/><\/figure><\/div>\n","protected":false},"excerpt":{"rendered":"<p>Si la pluie en a d\u00e9courag\u00e9 quelques-uns, les plus valeureux ont r\u00e9pondu pr\u00e9sent \u00e0 cette belle action de solidarit\u00e9 \u00e0 laquelle le CRSS s&rsquo;associe chaque ann\u00e9e. Apr\u00e8s un rassemblement au lac sous les parapluies, tous ont port\u00e9 l&rsquo;urne au PC organisationnel et se sont r\u00e9unis autour d&rsquo;un bon caf\u00e9 ou d&rsquo;un chocolat fumant pour se &hellip;<\/p>\n<p class=\"read-more\"> <a class=\"\" href=\"https:\/\/www.retraitesportivesaves.fr\/index.php\/2021\/12\/04\/s-04-12-21-telethon\/\"> <span class=\"screen-reader-text\">S. 04\/12\/2021 &#8211; T\u00e9l\u00e9thon<\/span> Lire la suite\u00a0\u00bb<\/a><\/p>\n","protected":false},"author":1,"featured_media":28537,"comment_status":"closed","ping_status":"closed","sticky":false,"template":"","format":"standard","meta":{"_monsterinsights_skip_tracking":false,"_monsterinsights_sitenote_active":false,"_monsterinsights_sitenote_note":"","_monsterinsights_sitenote_category":0,"footnotes":""},"categories":[1],"tags":[],"uagb_featured_image_src":{"full":["https:\/\/www.retraitesportivesaves.fr\/wp-content\/uploads\/2021\/12\/20211204_093718-scaled.jpg",2560,1920,false],"thumbnail":["https:\/\/www.retraitesportivesaves.fr\/wp-content\/uploads\/2021\/12\/20211204_093718-150x150.jpg",150,150,true],"medium":["https:\/\/www.retraitesportivesaves.fr\/wp-content\/uploads\/2021\/12\/20211204_093718-300x225.jpg",300,225,true],"medium_large":["https:\/\/www.retraitesportivesaves.fr\/wp-content\/uploads\/2021\/12\/20211204_093718-768x576.jpg",768,576,true],"large":["https:\/\/www.retraitesportivesaves.fr\/wp-content\/uploads\/2021\/12\/20211204_093718-1024x768.jpg",1024,768,true],"1536x1536":["https:\/\/www.retraitesportivesaves.fr\/wp-content\/uploads\/2021\/12\/20211204_093718-1536x1152.jpg",1536,1152,true],"2048x2048":["https:\/\/www.retraitesportivesaves.fr\/wp-content\/uploads\/2021\/12\/20211204_093718-2048x1536.jpg",2048,1536,true]},"uagb_author_info":{"display_name":"admin9078","author_link":"https:\/\/www.retraitesportivesaves.fr\/index.php\/author\/admin9078\/"},"uagb_comment_info":0,"uagb_excerpt":"Si la pluie en a d\u00e9courag\u00e9 quelques-uns, les plus valeureux ont r\u00e9pondu pr\u00e9sent \u00e0 cette belle action de solidarit\u00e9 \u00e0 laquelle le CRSS s&rsquo;associe chaque ann\u00e9e. Apr\u00e8s un rassemblement au lac sous les parapluies, tous ont port\u00e9 l&rsquo;urne au PC organisationnel et se sont r\u00e9unis autour d&rsquo;un bon caf\u00e9 ou d&rsquo;un chocolat fumant pour se\u2026","_links":{"self":[{"href":"https:\/\/www.retraitesportivesaves.fr\/index.php\/wp-json\/wp\/v2\/posts\/28539"}],"collection":[{"href":"https:\/\/www.retraitesportivesaves.fr\/index.php\/wp-json\/wp\/v2\/posts"}],"about":[{"href":"https:\/\/www.retraitesportivesaves.fr\/index.php\/wp-json\/wp\/v2\/types\/post"}],"author":[{"embeddable":true,"href":"https:\/\/www.retraitesportivesaves.fr\/index.php\/wp-json\/wp\/v2\/users\/1"}],"replies":[{"embeddable":true,"href":"https:\/\/www.retraitesportivesaves.fr\/index.php\/wp-json\/wp\/v2\/comments?post=28539"}],"version-history":[{"count":4,"href":"https:\/\/www.retraitesportivesaves.fr\/index.php\/wp-json\/wp\/v2\/posts\/28539\/revisions"}],"predecessor-version":[{"id":28586,"href":"https:\/\/www.retraitesportivesaves.fr\/index.php\/wp-json\/wp\/v2\/posts\/28539\/revisions\/28586"}],"wp:featuredmedia":[{"embeddable":true,"href":"https:\/\/www.retraitesportivesaves.fr\/index.php\/wp-json\/wp\/v2\/media\/28537"}],"wp:attachment":[{"href":"https:\/\/www.retraitesportivesaves.fr\/index.php\/wp-json\/wp\/v2\/media?parent=28539"}],"wp:term":[{"taxonomy":"category","embeddable":true,"href":"https:\/\/www.retraitesportivesaves.fr\/index.php\/wp-json\/wp\/v2\/categories?post=28539"},{"taxonomy":"post_tag","embeddable":true,"href":"https:\/\/www.retraitesportivesaves.fr\/index.php\/wp-json\/wp\/v2\/tags?post=28539"}],"curies":[{"name":"wp","href":"https:\/\/api.w.org\/{rel}","templated":true}]}}