{"id":28711,"date":"2022-01-12T17:36:41","date_gmt":"2022-01-12T16:36:41","guid":{"rendered":"https:\/\/www.retraitesportivesaves.fr\/?p=28711"},"modified":"2023-08-17T16:39:11","modified_gmt":"2023-08-17T14:39:11","slug":"01-2022-animateurs-randonnees","status":"publish","type":"post","link":"https:\/\/www.retraitesportivesaves.fr\/index.php\/2022\/01\/12\/01-2022-animateurs-randonnees\/","title":{"rendered":"01\/2022 &#8211; Animateurs randonn\u00e9es"},"content":{"rendered":"\n<p>Les activit\u00e9s de randonn\u00e9e en montagne et de randonn\u00e9e en plaine sont toutes les 2 encadr\u00e9es par des animateurs f\u00e9d\u00e9raux dipl\u00f4m\u00e9s. Claude a obtenu en 10\/2020 son brevet de randonn\u00e9e en montagne ; en 12\/2021, Colette et Martine leur brevet de randonn\u00e9e p\u00e9destre en plaine et G\u00e9rard son dipl\u00f4me d&rsquo;accompagnant sportif en randonn\u00e9e. La crise sanitaire nous privant d&rsquo;organiser une r\u00e9union festive pour la remise coll\u00e9giale des dipl\u00f4mes, ils ont pos\u00e9 pour la traditionnelle photo de famille. Merci pour leur implication b\u00e9n\u00e9vole. Tout adh\u00e9rent, voulant, comme eux, s&rsquo;investir dans une formation, pour partager sa passion dans une activit\u00e9 existante ou \u00e0 cr\u00e9er, est plus que bienvenu.<\/p>\n","protected":false},"excerpt":{"rendered":"<p>Les activit\u00e9s de randonn\u00e9e en montagne et de randonn\u00e9e en plaine sont toutes les 2 encadr\u00e9es par des animateurs f\u00e9d\u00e9raux dipl\u00f4m\u00e9s. Claude a obtenu en 10\/2020 son brevet de randonn\u00e9e en montagne ; en 12\/2021, Colette et Martine leur brevet de randonn\u00e9e p\u00e9destre en plaine et G\u00e9rard son dipl\u00f4me d&rsquo;accompagnant sportif en randonn\u00e9e. La crise &hellip;<\/p>\n<p class=\"read-more\"> <a class=\"\" href=\"https:\/\/www.retraitesportivesaves.fr\/index.php\/2022\/01\/12\/01-2022-animateurs-randonnees\/\"> <span class=\"screen-reader-text\">01\/2022 &#8211; Animateurs randonn\u00e9es<\/span> Lire la suite\u00a0\u00bb<\/a><\/p>\n","protected":false},"author":1,"featured_media":28710,"comment_status":"closed","ping_status":"closed","sticky":false,"template":"","format":"standard","meta":{"_monsterinsights_skip_tracking":false,"_monsterinsights_sitenote_active":false,"_monsterinsights_sitenote_note":"","_monsterinsights_sitenote_category":0,"footnotes":""},"categories":[6,7],"tags":[],"uagb_featured_image_src":{"full":["https:\/\/www.retraitesportivesaves.fr\/wp-content\/uploads\/2022\/01\/DIPLOM\u00c9S-scaled.jpg",2560,1417,false],"thumbnail":["https:\/\/www.retraitesportivesaves.fr\/wp-content\/uploads\/2022\/01\/DIPLOM\u00c9S-150x150.jpg",150,150,true],"medium":["https:\/\/www.retraitesportivesaves.fr\/wp-content\/uploads\/2022\/01\/DIPLOM\u00c9S-300x166.jpg",300,166,true],"medium_large":["https:\/\/www.retraitesportivesaves.fr\/wp-content\/uploads\/2022\/01\/DIPLOM\u00c9S-768x425.jpg",768,425,true],"large":["https:\/\/www.retraitesportivesaves.fr\/wp-content\/uploads\/2022\/01\/DIPLOM\u00c9S-1024x567.jpg",1024,567,true],"1536x1536":["https:\/\/www.retraitesportivesaves.fr\/wp-content\/uploads\/2022\/01\/DIPLOM\u00c9S-1536x850.jpg",1536,850,true],"2048x2048":["https:\/\/www.retraitesportivesaves.fr\/wp-content\/uploads\/2022\/01\/DIPLOM\u00c9S-2048x1133.jpg",2048,1133,true]},"uagb_author_info":{"display_name":"admin9078","author_link":"https:\/\/www.retraitesportivesaves.fr\/index.php\/author\/admin9078\/"},"uagb_comment_info":0,"uagb_excerpt":"Les activit\u00e9s de randonn\u00e9e en montagne et de randonn\u00e9e en plaine sont toutes les 2 encadr\u00e9es par des animateurs f\u00e9d\u00e9raux dipl\u00f4m\u00e9s. Claude a obtenu en 10\/2020 son brevet de randonn\u00e9e en montagne ; en 12\/2021, Colette et Martine leur brevet de randonn\u00e9e p\u00e9destre en plaine et G\u00e9rard son dipl\u00f4me d&rsquo;accompagnant sportif en randonn\u00e9e. La crise\u2026","_links":{"self":[{"href":"https:\/\/www.retraitesportivesaves.fr\/index.php\/wp-json\/wp\/v2\/posts\/28711"}],"collection":[{"href":"https:\/\/www.retraitesportivesaves.fr\/index.php\/wp-json\/wp\/v2\/posts"}],"about":[{"href":"https:\/\/www.retraitesportivesaves.fr\/index.php\/wp-json\/wp\/v2\/types\/post"}],"author":[{"embeddable":true,"href":"https:\/\/www.retraitesportivesaves.fr\/index.php\/wp-json\/wp\/v2\/users\/1"}],"replies":[{"embeddable":true,"href":"https:\/\/www.retraitesportivesaves.fr\/index.php\/wp-json\/wp\/v2\/comments?post=28711"}],"version-history":[{"count":6,"href":"https:\/\/www.retraitesportivesaves.fr\/index.php\/wp-json\/wp\/v2\/posts\/28711\/revisions"}],"predecessor-version":[{"id":28731,"href":"https:\/\/www.retraitesportivesaves.fr\/index.php\/wp-json\/wp\/v2\/posts\/28711\/revisions\/28731"}],"wp:featuredmedia":[{"embeddable":true,"href":"https:\/\/www.retraitesportivesaves.fr\/index.php\/wp-json\/wp\/v2\/media\/28710"}],"wp:attachment":[{"href":"https:\/\/www.retraitesportivesaves.fr\/index.php\/wp-json\/wp\/v2\/media?parent=28711"}],"wp:term":[{"taxonomy":"category","embeddable":true,"href":"https:\/\/www.retraitesportivesaves.fr\/index.php\/wp-json\/wp\/v2\/categories?post=28711"},{"taxonomy":"post_tag","embeddable":true,"href":"https:\/\/www.retraitesportivesaves.fr\/index.php\/wp-json\/wp\/v2\/tags?post=28711"}],"curies":[{"name":"wp","href":"https:\/\/api.w.org\/{rel}","templated":true}]}}