{"id":29357,"date":"2022-09-09T09:54:18","date_gmt":"2022-09-09T07:54:18","guid":{"rendered":"https:\/\/www.retraitesportivesaves.fr\/?p=29357"},"modified":"2022-09-09T09:54:18","modified_gmt":"2022-09-09T07:54:18","slug":"08-09-2022-rando-du-trait-dunion","status":"publish","type":"post","link":"https:\/\/www.retraitesportivesaves.fr\/index.php\/2022\/09\/09\/08-09-2022-rando-du-trait-dunion\/","title":{"rendered":"08\/09\/2022 &#8211; Rando du Trait d&rsquo;Union"},"content":{"rendered":"\n<p>G\u00e9n\u00e9ration Mouvements Midi Pyr\u00e9n\u00e9es, \u00e0 laquelle est affili\u00e9 le Trait d&rsquo;Union, organisait sa f\u00eate r\u00e9gionale de l&rsquo;amiti\u00e9. Plus de 500 personnes \u00e9taient pr\u00e9sentes. La matin\u00e9e \u00e9tait r\u00e9serv\u00e9e pour des visites, des activit\u00e9s ludiques, une rando, etc. Marie-Anny, sa pr\u00e9sidente, nous avait demand\u00e9 de l&rsquo;\u00e9pauler pour encadrer cette sortie. La solidarit\u00e9 associative est forte \u00e0 Samatan et c&rsquo;est bien volontiers qu&rsquo;une dizaine de nos adh\u00e9rents et animateurs se sont port\u00e9s volontaires.  Nous les remercions. Une boucle de 7,5km empruntant les passerelles, les bords de Save avec arr\u00eat et visite de la Cath\u00e9drale ont permis aux randonneurs de d\u00e9couvrir pour la plupart Samatan et Lombez.<\/p>\n\n\n\n<figure class=\"wp-block-image size-large\"><img loading=\"lazy\" decoding=\"async\" width=\"1024\" height=\"461\" src=\"https:\/\/www.retraitesportivesaves.fr\/wp-content\/uploads\/2022\/09\/IMG-20220908-WA0002-1024x461.jpg\" alt=\"\" class=\"wp-image-29353\" srcset=\"https:\/\/www.retraitesportivesaves.fr\/wp-content\/uploads\/2022\/09\/IMG-20220908-WA0002-1024x461.jpg 1024w, https:\/\/www.retraitesportivesaves.fr\/wp-content\/uploads\/2022\/09\/IMG-20220908-WA0002-300x135.jpg 300w, https:\/\/www.retraitesportivesaves.fr\/wp-content\/uploads\/2022\/09\/IMG-20220908-WA0002-768x346.jpg 768w, https:\/\/www.retraitesportivesaves.fr\/wp-content\/uploads\/2022\/09\/IMG-20220908-WA0002-1536x691.jpg 1536w, https:\/\/www.retraitesportivesaves.fr\/wp-content\/uploads\/2022\/09\/IMG-20220908-WA0002.jpg 1600w\" sizes=\"(max-width: 1024px) 100vw, 1024px\" \/><\/figure>\n\n\n\n<figure class=\"wp-block-image size-large\"><img loading=\"lazy\" decoding=\"async\" width=\"1024\" height=\"461\" src=\"https:\/\/www.retraitesportivesaves.fr\/wp-content\/uploads\/2022\/09\/IMG-20220908-WA0006-1024x461.jpg\" alt=\"\" class=\"wp-image-29354\" srcset=\"https:\/\/www.retraitesportivesaves.fr\/wp-content\/uploads\/2022\/09\/IMG-20220908-WA0006-1024x461.jpg 1024w, https:\/\/www.retraitesportivesaves.fr\/wp-content\/uploads\/2022\/09\/IMG-20220908-WA0006-300x135.jpg 300w, https:\/\/www.retraitesportivesaves.fr\/wp-content\/uploads\/2022\/09\/IMG-20220908-WA0006-768x346.jpg 768w, https:\/\/www.retraitesportivesaves.fr\/wp-content\/uploads\/2022\/09\/IMG-20220908-WA0006-1536x691.jpg 1536w, https:\/\/www.retraitesportivesaves.fr\/wp-content\/uploads\/2022\/09\/IMG-20220908-WA0006.jpg 1600w\" sizes=\"(max-width: 1024px) 100vw, 1024px\" \/><\/figure>\n","protected":false},"excerpt":{"rendered":"<p>G\u00e9n\u00e9ration Mouvements Midi Pyr\u00e9n\u00e9es, \u00e0 laquelle est affili\u00e9 le Trait d&rsquo;Union, organisait sa f\u00eate r\u00e9gionale de l&rsquo;amiti\u00e9. Plus de 500 personnes \u00e9taient pr\u00e9sentes. La matin\u00e9e \u00e9tait r\u00e9serv\u00e9e pour des visites, des activit\u00e9s ludiques, une rando, etc. Marie-Anny, sa pr\u00e9sidente, nous avait demand\u00e9 de l&rsquo;\u00e9pauler pour encadrer cette sortie. La solidarit\u00e9 associative est forte \u00e0 Samatan &hellip;<\/p>\n<p class=\"read-more\"> <a class=\"\" href=\"https:\/\/www.retraitesportivesaves.fr\/index.php\/2022\/09\/09\/08-09-2022-rando-du-trait-dunion\/\"> <span class=\"screen-reader-text\">08\/09\/2022 &#8211; Rando du Trait d&rsquo;Union<\/span> Lire la suite\u00a0\u00bb<\/a><\/p>\n","protected":false},"author":1,"featured_media":29355,"comment_status":"closed","ping_status":"closed","sticky":false,"template":"","format":"standard","meta":{"_monsterinsights_skip_tracking":false,"_monsterinsights_sitenote_active":false,"_monsterinsights_sitenote_note":"","_monsterinsights_sitenote_category":0,"footnotes":""},"categories":[1],"tags":[],"uagb_featured_image_src":{"full":["https:\/\/www.retraitesportivesaves.fr\/wp-content\/uploads\/2022\/09\/TRAIT-UNION.png",733,445,false],"thumbnail":["https:\/\/www.retraitesportivesaves.fr\/wp-content\/uploads\/2022\/09\/TRAIT-UNION-150x150.png",150,150,true],"medium":["https:\/\/www.retraitesportivesaves.fr\/wp-content\/uploads\/2022\/09\/TRAIT-UNION-300x182.png",300,182,true],"medium_large":["https:\/\/www.retraitesportivesaves.fr\/wp-content\/uploads\/2022\/09\/TRAIT-UNION.png",733,445,false],"large":["https:\/\/www.retraitesportivesaves.fr\/wp-content\/uploads\/2022\/09\/TRAIT-UNION.png",733,445,false],"1536x1536":["https:\/\/www.retraitesportivesaves.fr\/wp-content\/uploads\/2022\/09\/TRAIT-UNION.png",733,445,false],"2048x2048":["https:\/\/www.retraitesportivesaves.fr\/wp-content\/uploads\/2022\/09\/TRAIT-UNION.png",733,445,false]},"uagb_author_info":{"display_name":"admin9078","author_link":"https:\/\/www.retraitesportivesaves.fr\/index.php\/author\/admin9078\/"},"uagb_comment_info":0,"uagb_excerpt":"G\u00e9n\u00e9ration Mouvements Midi Pyr\u00e9n\u00e9es, \u00e0 laquelle est affili\u00e9 le Trait d&rsquo;Union, organisait sa f\u00eate r\u00e9gionale de l&rsquo;amiti\u00e9. Plus de 500 personnes \u00e9taient pr\u00e9sentes. La matin\u00e9e \u00e9tait r\u00e9serv\u00e9e pour des visites, des activit\u00e9s ludiques, une rando, etc. Marie-Anny, sa pr\u00e9sidente, nous avait demand\u00e9 de l&rsquo;\u00e9pauler pour encadrer cette sortie. La solidarit\u00e9 associative est forte \u00e0 Samatan\u2026","_links":{"self":[{"href":"https:\/\/www.retraitesportivesaves.fr\/index.php\/wp-json\/wp\/v2\/posts\/29357"}],"collection":[{"href":"https:\/\/www.retraitesportivesaves.fr\/index.php\/wp-json\/wp\/v2\/posts"}],"about":[{"href":"https:\/\/www.retraitesportivesaves.fr\/index.php\/wp-json\/wp\/v2\/types\/post"}],"author":[{"embeddable":true,"href":"https:\/\/www.retraitesportivesaves.fr\/index.php\/wp-json\/wp\/v2\/users\/1"}],"replies":[{"embeddable":true,"href":"https:\/\/www.retraitesportivesaves.fr\/index.php\/wp-json\/wp\/v2\/comments?post=29357"}],"version-history":[{"count":1,"href":"https:\/\/www.retraitesportivesaves.fr\/index.php\/wp-json\/wp\/v2\/posts\/29357\/revisions"}],"predecessor-version":[{"id":29358,"href":"https:\/\/www.retraitesportivesaves.fr\/index.php\/wp-json\/wp\/v2\/posts\/29357\/revisions\/29358"}],"wp:featuredmedia":[{"embeddable":true,"href":"https:\/\/www.retraitesportivesaves.fr\/index.php\/wp-json\/wp\/v2\/media\/29355"}],"wp:attachment":[{"href":"https:\/\/www.retraitesportivesaves.fr\/index.php\/wp-json\/wp\/v2\/media?parent=29357"}],"wp:term":[{"taxonomy":"category","embeddable":true,"href":"https:\/\/www.retraitesportivesaves.fr\/index.php\/wp-json\/wp\/v2\/categories?post=29357"},{"taxonomy":"post_tag","embeddable":true,"href":"https:\/\/www.retraitesportivesaves.fr\/index.php\/wp-json\/wp\/v2\/tags?post=29357"}],"curies":[{"name":"wp","href":"https:\/\/api.w.org\/{rel}","templated":true}]}}