{"id":30015,"date":"2023-03-24T11:05:07","date_gmt":"2023-03-24T10:05:07","guid":{"rendered":"https:\/\/www.retraitesportivesaves.fr\/?p=30015"},"modified":"2023-03-24T11:15:49","modified_gmt":"2023-03-24T10:15:49","slug":"22-03-2023-sortie-pruneau-et-cabaret","status":"publish","type":"post","link":"https:\/\/www.retraitesportivesaves.fr\/index.php\/2023\/03\/24\/22-03-2023-sortie-pruneau-et-cabaret\/","title":{"rendered":"22\/03\/2023 &#8211; Sortie pruneau et cabaret"},"content":{"rendered":"\n<p>Une petite vir\u00e9e dans le Lot et Garonne en cette p\u00e9riode morose. En moins de 3 jours, 65 adh\u00e9rents avaient r\u00e9serv\u00e9 cette sortie. La matin\u00e9e a commenc\u00e9 par une visite tr\u00e8s instructive du mus\u00e9e du pruneau \u00e0 Laffite-sur-Lot o\u00f9 une fermi\u00e8re passionn\u00e9e nous a expliqu\u00e9 l&rsquo;univers de l&rsquo;or noir du Sud Ouest : le pruneau d&rsquo;Agen. De la plantation de l&rsquo;arbre \u00e0 l&rsquo;assiette, toutes les \u00e9tapes de la production ont \u00e9t\u00e9 abord\u00e9es. Pour finir, nous n&rsquo;aurions pas manqu\u00e9 le passage gourmand \u00e0 la d\u00e9gustation qui a motiv\u00e9 des achats de sp\u00e9cialit\u00e9s. Une suite plus festive nous attendait au Petit Paradis \u00e0 Pont du Casse o\u00f9, apr\u00e8s un d\u00e9jeuner copieux, la revue \u00ab\u00a0Merveilles\u00a0\u00bb de grande qualit\u00e9 m\u00ealant chants, magie, danses, plumes, strass et paillettes a fait p\u00e9tiller les yeux des spectateurs. Du grand cabaret \u00e0 taille humaine qui restera dans nos m\u00e9moires et qui nous a tous conquis ! (plus de photos dans \u00ab\u00a0Galerie\u00a0\u00bb).<\/p>\n","protected":false},"excerpt":{"rendered":"<p>Une petite vir\u00e9e dans le Lot et Garonne en cette p\u00e9riode morose. En moins de 3 jours, 65 adh\u00e9rents avaient r\u00e9serv\u00e9 cette sortie. La matin\u00e9e a commenc\u00e9 par une visite tr\u00e8s instructive du mus\u00e9e du pruneau \u00e0 Laffite-sur-Lot o\u00f9 une fermi\u00e8re passionn\u00e9e nous a expliqu\u00e9 l&rsquo;univers de l&rsquo;or noir du Sud Ouest : le pruneau &hellip;<\/p>\n<p class=\"read-more\"> <a class=\"\" href=\"https:\/\/www.retraitesportivesaves.fr\/index.php\/2023\/03\/24\/22-03-2023-sortie-pruneau-et-cabaret\/\"> <span class=\"screen-reader-text\">22\/03\/2023 &#8211; Sortie pruneau et cabaret<\/span> Lire la suite\u00a0\u00bb<\/a><\/p>\n","protected":false},"author":1,"featured_media":30008,"comment_status":"closed","ping_status":"closed","sticky":false,"template":"","format":"standard","meta":{"_monsterinsights_skip_tracking":false,"_monsterinsights_sitenote_active":false,"_monsterinsights_sitenote_note":"","_monsterinsights_sitenote_category":0,"footnotes":""},"categories":[1],"tags":[],"uagb_featured_image_src":{"full":["https:\/\/www.retraitesportivesaves.fr\/wp-content\/uploads\/2023\/03\/IMG-20230323-WA0021.jpg",1600,725,false],"thumbnail":["https:\/\/www.retraitesportivesaves.fr\/wp-content\/uploads\/2023\/03\/IMG-20230323-WA0021-150x150.jpg",150,150,true],"medium":["https:\/\/www.retraitesportivesaves.fr\/wp-content\/uploads\/2023\/03\/IMG-20230323-WA0021-300x136.jpg",300,136,true],"medium_large":["https:\/\/www.retraitesportivesaves.fr\/wp-content\/uploads\/2023\/03\/IMG-20230323-WA0021-768x348.jpg",768,348,true],"large":["https:\/\/www.retraitesportivesaves.fr\/wp-content\/uploads\/2023\/03\/IMG-20230323-WA0021-1024x464.jpg",1024,464,true],"1536x1536":["https:\/\/www.retraitesportivesaves.fr\/wp-content\/uploads\/2023\/03\/IMG-20230323-WA0021-1536x696.jpg",1536,696,true],"2048x2048":["https:\/\/www.retraitesportivesaves.fr\/wp-content\/uploads\/2023\/03\/IMG-20230323-WA0021.jpg",1600,725,false]},"uagb_author_info":{"display_name":"admin9078","author_link":"https:\/\/www.retraitesportivesaves.fr\/index.php\/author\/admin9078\/"},"uagb_comment_info":0,"uagb_excerpt":"Une petite vir\u00e9e dans le Lot et Garonne en cette p\u00e9riode morose. En moins de 3 jours, 65 adh\u00e9rents avaient r\u00e9serv\u00e9 cette sortie. La matin\u00e9e a commenc\u00e9 par une visite tr\u00e8s instructive du mus\u00e9e du pruneau \u00e0 Laffite-sur-Lot o\u00f9 une fermi\u00e8re passionn\u00e9e nous a expliqu\u00e9 l&rsquo;univers de l&rsquo;or noir du Sud Ouest : le pruneau\u2026","_links":{"self":[{"href":"https:\/\/www.retraitesportivesaves.fr\/index.php\/wp-json\/wp\/v2\/posts\/30015"}],"collection":[{"href":"https:\/\/www.retraitesportivesaves.fr\/index.php\/wp-json\/wp\/v2\/posts"}],"about":[{"href":"https:\/\/www.retraitesportivesaves.fr\/index.php\/wp-json\/wp\/v2\/types\/post"}],"author":[{"embeddable":true,"href":"https:\/\/www.retraitesportivesaves.fr\/index.php\/wp-json\/wp\/v2\/users\/1"}],"replies":[{"embeddable":true,"href":"https:\/\/www.retraitesportivesaves.fr\/index.php\/wp-json\/wp\/v2\/comments?post=30015"}],"version-history":[{"count":3,"href":"https:\/\/www.retraitesportivesaves.fr\/index.php\/wp-json\/wp\/v2\/posts\/30015\/revisions"}],"predecessor-version":[{"id":30019,"href":"https:\/\/www.retraitesportivesaves.fr\/index.php\/wp-json\/wp\/v2\/posts\/30015\/revisions\/30019"}],"wp:featuredmedia":[{"embeddable":true,"href":"https:\/\/www.retraitesportivesaves.fr\/index.php\/wp-json\/wp\/v2\/media\/30008"}],"wp:attachment":[{"href":"https:\/\/www.retraitesportivesaves.fr\/index.php\/wp-json\/wp\/v2\/media?parent=30015"}],"wp:term":[{"taxonomy":"category","embeddable":true,"href":"https:\/\/www.retraitesportivesaves.fr\/index.php\/wp-json\/wp\/v2\/categories?post=30015"},{"taxonomy":"post_tag","embeddable":true,"href":"https:\/\/www.retraitesportivesaves.fr\/index.php\/wp-json\/wp\/v2\/tags?post=30015"}],"curies":[{"name":"wp","href":"https:\/\/api.w.org\/{rel}","templated":true}]}}