{"id":30160,"date":"2023-06-09T20:20:28","date_gmt":"2023-06-09T18:20:28","guid":{"rendered":"https:\/\/www.retraitesportivesaves.fr\/?p=30160"},"modified":"2023-06-09T20:24:50","modified_gmt":"2023-06-09T18:24:50","slug":"09-06-2023-coro-italiano","status":"publish","type":"post","link":"https:\/\/www.retraitesportivesaves.fr\/index.php\/2023\/06\/09\/09-06-2023-coro-italiano\/","title":{"rendered":"09\/06\/2023 &#8211; Coro italiano"},"content":{"rendered":"\n<p> <em>Sav\u00e8s Italia<\/em> est un \u00e9v\u00e9nement consacr\u00e9 aux diff\u00e9rentes vagues d&rsquo;immigrations italiennes organis\u00e9 \u00e0 Lombez. A l&rsquo;occasion de l&rsquo;inauguration de ces 3 journ\u00e9es festives, notre chorale a \u00e9t\u00e9 invit\u00e9e pour interpr\u00e9ter des chansons italiennes de son r\u00e9pertoire. C&rsquo;est encore une premi\u00e8re, car cette fois-ci, nous \u00e9tions la seule chorale et nos choristes ont eu l&rsquo;occasion d&rsquo;exprimer leur talent. Le chant choral est une de nos activit\u00e9s qui s&rsquo;est bien d\u00e9velopp\u00e9e et qui compte aujourd&rsquo;hui 38 adh\u00e9rents. Comme dirait notre chef de ch\u0153ur, notre prochaine \u00e9tape le Z\u00e9nith !!!!!<\/p>\n","protected":false},"excerpt":{"rendered":"<p>Sav\u00e8s Italia est un \u00e9v\u00e9nement consacr\u00e9 aux diff\u00e9rentes vagues d&rsquo;immigrations italiennes organis\u00e9 \u00e0 Lombez. A l&rsquo;occasion de l&rsquo;inauguration de ces 3 journ\u00e9es festives, notre chorale a \u00e9t\u00e9 invit\u00e9e pour interpr\u00e9ter des chansons italiennes de son r\u00e9pertoire. C&rsquo;est encore une premi\u00e8re, car cette fois-ci, nous \u00e9tions la seule chorale et nos choristes ont eu l&rsquo;occasion d&rsquo;exprimer &hellip;<\/p>\n<p class=\"read-more\"> <a class=\"\" href=\"https:\/\/www.retraitesportivesaves.fr\/index.php\/2023\/06\/09\/09-06-2023-coro-italiano\/\"> <span class=\"screen-reader-text\">09\/06\/2023 &#8211; Coro italiano<\/span> Lire la suite\u00a0\u00bb<\/a><\/p>\n","protected":false},"author":1,"featured_media":30159,"comment_status":"closed","ping_status":"closed","sticky":false,"template":"","format":"standard","meta":{"_monsterinsights_skip_tracking":false,"_monsterinsights_sitenote_active":false,"_monsterinsights_sitenote_note":"","_monsterinsights_sitenote_category":0,"footnotes":""},"categories":[1],"tags":[],"uagb_featured_image_src":{"full":["https:\/\/www.retraitesportivesaves.fr\/wp-content\/uploads\/2023\/06\/IMG-20230609-WA0002_1686325766063.jpg",516,259,false],"thumbnail":["https:\/\/www.retraitesportivesaves.fr\/wp-content\/uploads\/2023\/06\/IMG-20230609-WA0002_1686325766063-150x150.jpg",150,150,true],"medium":["https:\/\/www.retraitesportivesaves.fr\/wp-content\/uploads\/2023\/06\/IMG-20230609-WA0002_1686325766063-300x151.jpg",300,151,true],"medium_large":["https:\/\/www.retraitesportivesaves.fr\/wp-content\/uploads\/2023\/06\/IMG-20230609-WA0002_1686325766063.jpg",516,259,false],"large":["https:\/\/www.retraitesportivesaves.fr\/wp-content\/uploads\/2023\/06\/IMG-20230609-WA0002_1686325766063.jpg",516,259,false],"1536x1536":["https:\/\/www.retraitesportivesaves.fr\/wp-content\/uploads\/2023\/06\/IMG-20230609-WA0002_1686325766063.jpg",516,259,false],"2048x2048":["https:\/\/www.retraitesportivesaves.fr\/wp-content\/uploads\/2023\/06\/IMG-20230609-WA0002_1686325766063.jpg",516,259,false]},"uagb_author_info":{"display_name":"admin9078","author_link":"https:\/\/www.retraitesportivesaves.fr\/index.php\/author\/admin9078\/"},"uagb_comment_info":0,"uagb_excerpt":"Sav\u00e8s Italia est un \u00e9v\u00e9nement consacr\u00e9 aux diff\u00e9rentes vagues d&rsquo;immigrations italiennes organis\u00e9 \u00e0 Lombez. A l&rsquo;occasion de l&rsquo;inauguration de ces 3 journ\u00e9es festives, notre chorale a \u00e9t\u00e9 invit\u00e9e pour interpr\u00e9ter des chansons italiennes de son r\u00e9pertoire. C&rsquo;est encore une premi\u00e8re, car cette fois-ci, nous \u00e9tions la seule chorale et nos choristes ont eu l&rsquo;occasion d&rsquo;exprimer\u2026","_links":{"self":[{"href":"https:\/\/www.retraitesportivesaves.fr\/index.php\/wp-json\/wp\/v2\/posts\/30160"}],"collection":[{"href":"https:\/\/www.retraitesportivesaves.fr\/index.php\/wp-json\/wp\/v2\/posts"}],"about":[{"href":"https:\/\/www.retraitesportivesaves.fr\/index.php\/wp-json\/wp\/v2\/types\/post"}],"author":[{"embeddable":true,"href":"https:\/\/www.retraitesportivesaves.fr\/index.php\/wp-json\/wp\/v2\/users\/1"}],"replies":[{"embeddable":true,"href":"https:\/\/www.retraitesportivesaves.fr\/index.php\/wp-json\/wp\/v2\/comments?post=30160"}],"version-history":[{"count":2,"href":"https:\/\/www.retraitesportivesaves.fr\/index.php\/wp-json\/wp\/v2\/posts\/30160\/revisions"}],"predecessor-version":[{"id":30162,"href":"https:\/\/www.retraitesportivesaves.fr\/index.php\/wp-json\/wp\/v2\/posts\/30160\/revisions\/30162"}],"wp:featuredmedia":[{"embeddable":true,"href":"https:\/\/www.retraitesportivesaves.fr\/index.php\/wp-json\/wp\/v2\/media\/30159"}],"wp:attachment":[{"href":"https:\/\/www.retraitesportivesaves.fr\/index.php\/wp-json\/wp\/v2\/media?parent=30160"}],"wp:term":[{"taxonomy":"category","embeddable":true,"href":"https:\/\/www.retraitesportivesaves.fr\/index.php\/wp-json\/wp\/v2\/categories?post=30160"},{"taxonomy":"post_tag","embeddable":true,"href":"https:\/\/www.retraitesportivesaves.fr\/index.php\/wp-json\/wp\/v2\/tags?post=30160"}],"curies":[{"name":"wp","href":"https:\/\/api.w.org\/{rel}","templated":true}]}}