{"id":31844,"date":"2024-10-11T19:28:00","date_gmt":"2024-10-11T17:28:00","guid":{"rendered":"https:\/\/www.retraitesportivesaves.fr\/?p=31844"},"modified":"2024-10-11T19:29:38","modified_gmt":"2024-10-11T17:29:38","slug":"23-au-28-09-2024-sejour-a-martigues","status":"publish","type":"post","link":"https:\/\/www.retraitesportivesaves.fr\/index.php\/2024\/10\/11\/23-au-28-09-2024-sejour-a-martigues\/","title":{"rendered":"23 au 28\/09\/2024 &#8211; S\u00e9jour \u00e0 Martigues"},"content":{"rendered":"\n<p>C\u2019est \u00e0 Martigues, dans un lieu magnifique, face et au pied de la mer, que 45 adh\u00e9rents se sont \u00e9vad\u00e9s pendant une semaine.<\/p>\n\n\n\n<p>Le programme du s\u00e9jour consistait en une alternance de randonn\u00e9es et de visites.<\/p>\n\n\n\n<p>La m\u00e9t\u00e9o, bien qu\u2019agit\u00e9e le premier jour, ce qui a valu de voir les Calanques de Cassis sous la pluie, s\u2019est mise au beau ensuite, permettant m\u00eame \u00e0 certains courageux de se baigner dans la mer.<\/p>\n\n\n\n<p>Ces quelques jours ont \u00e9t\u00e9 riches en \u00e9motions et ces moments resteront grav\u00e9s dans la t\u00eate de beaucoup\u00a0: les Baux de Provence et la cath\u00e9drale de lumi\u00e8re, les magnifiques Calanques de Cassis, les beaux paysages de Camargue, les Saintes-Maries-de-la-Mer et m\u00eame le petit march\u00e9 proven\u00e7al de La Couronne le jour du d\u00e9part.<\/p>\n\n\n\n<p>Au d\u00e9tour d\u2019une randonn\u00e9e, certains ont m\u00eame pu voir le tournage de la s\u00e9rie \u2018\u2019Camping Paradis\u2018\u2019.<\/p>\n\n\n\n<p>Le retour aura laiss\u00e9 plein de souvenirs \u00e0 tout le monde et la nostalgie de ces paysages et de ces excellents moments pass\u00e9s entre amis.<\/p>\n","protected":false},"excerpt":{"rendered":"<p>C\u2019est \u00e0 Martigues, dans un lieu magnifique, face et au pied de la mer, que 45 adh\u00e9rents se sont \u00e9vad\u00e9s pendant une semaine. Le programme du s\u00e9jour consistait en une alternance de randonn\u00e9es et de visites. La m\u00e9t\u00e9o, bien qu\u2019agit\u00e9e le premier jour, ce qui a valu de voir les Calanques de Cassis sous la &hellip;<\/p>\n<p class=\"read-more\"> <a class=\"\" href=\"https:\/\/www.retraitesportivesaves.fr\/index.php\/2024\/10\/11\/23-au-28-09-2024-sejour-a-martigues\/\"> <span class=\"screen-reader-text\">23 au 28\/09\/2024 &#8211; S\u00e9jour \u00e0 Martigues<\/span> Lire la suite\u00a0\u00bb<\/a><\/p>\n","protected":false},"author":1,"featured_media":31846,"comment_status":"closed","ping_status":"closed","sticky":false,"template":"","format":"standard","meta":{"_monsterinsights_skip_tracking":false,"_monsterinsights_sitenote_active":false,"_monsterinsights_sitenote_note":"","_monsterinsights_sitenote_category":0,"footnotes":""},"categories":[1],"tags":[],"uagb_featured_image_src":{"full":["https:\/\/www.retraitesportivesaves.fr\/wp-content\/uploads\/2024\/10\/IMG-20241008-WA0002_edit_544632169469372.jpg",1367,723,false],"thumbnail":["https:\/\/www.retraitesportivesaves.fr\/wp-content\/uploads\/2024\/10\/IMG-20241008-WA0002_edit_544632169469372-150x150.jpg",150,150,true],"medium":["https:\/\/www.retraitesportivesaves.fr\/wp-content\/uploads\/2024\/10\/IMG-20241008-WA0002_edit_544632169469372-300x159.jpg",300,159,true],"medium_large":["https:\/\/www.retraitesportivesaves.fr\/wp-content\/uploads\/2024\/10\/IMG-20241008-WA0002_edit_544632169469372-768x406.jpg",768,406,true],"large":["https:\/\/www.retraitesportivesaves.fr\/wp-content\/uploads\/2024\/10\/IMG-20241008-WA0002_edit_544632169469372-1024x542.jpg",1024,542,true],"1536x1536":["https:\/\/www.retraitesportivesaves.fr\/wp-content\/uploads\/2024\/10\/IMG-20241008-WA0002_edit_544632169469372.jpg",1367,723,false],"2048x2048":["https:\/\/www.retraitesportivesaves.fr\/wp-content\/uploads\/2024\/10\/IMG-20241008-WA0002_edit_544632169469372.jpg",1367,723,false]},"uagb_author_info":{"display_name":"admin9078","author_link":"https:\/\/www.retraitesportivesaves.fr\/index.php\/author\/admin9078\/"},"uagb_comment_info":0,"uagb_excerpt":"C\u2019est \u00e0 Martigues, dans un lieu magnifique, face et au pied de la mer, que 45 adh\u00e9rents se sont \u00e9vad\u00e9s pendant une semaine. Le programme du s\u00e9jour consistait en une alternance de randonn\u00e9es et de visites. La m\u00e9t\u00e9o, bien qu\u2019agit\u00e9e le premier jour, ce qui a valu de voir les Calanques de Cassis sous la\u2026","_links":{"self":[{"href":"https:\/\/www.retraitesportivesaves.fr\/index.php\/wp-json\/wp\/v2\/posts\/31844"}],"collection":[{"href":"https:\/\/www.retraitesportivesaves.fr\/index.php\/wp-json\/wp\/v2\/posts"}],"about":[{"href":"https:\/\/www.retraitesportivesaves.fr\/index.php\/wp-json\/wp\/v2\/types\/post"}],"author":[{"embeddable":true,"href":"https:\/\/www.retraitesportivesaves.fr\/index.php\/wp-json\/wp\/v2\/users\/1"}],"replies":[{"embeddable":true,"href":"https:\/\/www.retraitesportivesaves.fr\/index.php\/wp-json\/wp\/v2\/comments?post=31844"}],"version-history":[{"count":3,"href":"https:\/\/www.retraitesportivesaves.fr\/index.php\/wp-json\/wp\/v2\/posts\/31844\/revisions"}],"predecessor-version":[{"id":31848,"href":"https:\/\/www.retraitesportivesaves.fr\/index.php\/wp-json\/wp\/v2\/posts\/31844\/revisions\/31848"}],"wp:featuredmedia":[{"embeddable":true,"href":"https:\/\/www.retraitesportivesaves.fr\/index.php\/wp-json\/wp\/v2\/media\/31846"}],"wp:attachment":[{"href":"https:\/\/www.retraitesportivesaves.fr\/index.php\/wp-json\/wp\/v2\/media?parent=31844"}],"wp:term":[{"taxonomy":"category","embeddable":true,"href":"https:\/\/www.retraitesportivesaves.fr\/index.php\/wp-json\/wp\/v2\/categories?post=31844"},{"taxonomy":"post_tag","embeddable":true,"href":"https:\/\/www.retraitesportivesaves.fr\/index.php\/wp-json\/wp\/v2\/tags?post=31844"}],"curies":[{"name":"wp","href":"https:\/\/api.w.org\/{rel}","templated":true}]}}