{"id":31875,"date":"2024-10-12T18:12:20","date_gmt":"2024-10-12T16:12:20","guid":{"rendered":"https:\/\/www.retraitesportivesaves.fr\/?p=31875"},"modified":"2024-10-12T19:13:49","modified_gmt":"2024-10-12T17:13:49","slug":"11-10-2024-sortie-montagne","status":"publish","type":"post","link":"https:\/\/www.retraitesportivesaves.fr\/index.php\/2024\/10\/12\/11-10-2024-sortie-montagne\/","title":{"rendered":"11\/10\/2024 -Sortie montagne"},"content":{"rendered":"\n<p>Premi\u00e8re sortie de la saison, le chemin des estives \u00e0 Mont au-dessus de Loudenvielle (65), randonn\u00e9e appr\u00e9ci\u00e9e par les 7 participants (60 \u00e0 83 ans). Tout y \u00e9tait : pastoralisme, mycologie, paysages grandioses et un beau soleil. Cerise sur le g\u00e2teau : des cerfs et leurs brames.<\/p>\n\n\n<div class=\"wp-block-image\">\n<figure class=\"alignright size-large is-resized\"><img loading=\"lazy\" decoding=\"async\" width=\"1024\" height=\"768\" src=\"https:\/\/www.retraitesportivesaves.fr\/wp-content\/uploads\/2024\/10\/IMG-20241012-WA0001-1024x768.jpg\" alt=\"\" class=\"wp-image-31883\" style=\"width:231px;height:auto\" srcset=\"https:\/\/www.retraitesportivesaves.fr\/wp-content\/uploads\/2024\/10\/IMG-20241012-WA0001-1024x768.jpg 1024w, https:\/\/www.retraitesportivesaves.fr\/wp-content\/uploads\/2024\/10\/IMG-20241012-WA0001-300x225.jpg 300w, https:\/\/www.retraitesportivesaves.fr\/wp-content\/uploads\/2024\/10\/IMG-20241012-WA0001-768x576.jpg 768w, https:\/\/www.retraitesportivesaves.fr\/wp-content\/uploads\/2024\/10\/IMG-20241012-WA0001-1536x1152.jpg 1536w, https:\/\/www.retraitesportivesaves.fr\/wp-content\/uploads\/2024\/10\/IMG-20241012-WA0001.jpg 2000w\" sizes=\"(max-width: 1024px) 100vw, 1024px\" \/><\/figure><\/div>\n\n\n<figure class=\"wp-block-image size-large is-resized\"><img loading=\"lazy\" decoding=\"async\" width=\"1024\" height=\"768\" src=\"https:\/\/www.retraitesportivesaves.fr\/wp-content\/uploads\/2024\/10\/IMG-20241012-WA0002-1024x768.jpg\" alt=\"\" class=\"wp-image-31882\" style=\"width:240px;height:auto\" srcset=\"https:\/\/www.retraitesportivesaves.fr\/wp-content\/uploads\/2024\/10\/IMG-20241012-WA0002-1024x768.jpg 1024w, https:\/\/www.retraitesportivesaves.fr\/wp-content\/uploads\/2024\/10\/IMG-20241012-WA0002-300x225.jpg 300w, https:\/\/www.retraitesportivesaves.fr\/wp-content\/uploads\/2024\/10\/IMG-20241012-WA0002-768x576.jpg 768w, https:\/\/www.retraitesportivesaves.fr\/wp-content\/uploads\/2024\/10\/IMG-20241012-WA0002-1536x1152.jpg 1536w, https:\/\/www.retraitesportivesaves.fr\/wp-content\/uploads\/2024\/10\/IMG-20241012-WA0002.jpg 2000w\" sizes=\"(max-width: 1024px) 100vw, 1024px\" \/><\/figure>\n\n\n<div class=\"wp-block-image\">\n<figure class=\"alignright size-large is-resized\"><img loading=\"lazy\" decoding=\"async\" width=\"1024\" height=\"768\" src=\"https:\/\/www.retraitesportivesaves.fr\/wp-content\/uploads\/2024\/10\/IMG-20241012-WA0005-1024x768.jpg\" alt=\"\" class=\"wp-image-31879\" style=\"width:229px;height:auto\" srcset=\"https:\/\/www.retraitesportivesaves.fr\/wp-content\/uploads\/2024\/10\/IMG-20241012-WA0005-1024x768.jpg 1024w, https:\/\/www.retraitesportivesaves.fr\/wp-content\/uploads\/2024\/10\/IMG-20241012-WA0005-300x225.jpg 300w, https:\/\/www.retraitesportivesaves.fr\/wp-content\/uploads\/2024\/10\/IMG-20241012-WA0005-768x576.jpg 768w, https:\/\/www.retraitesportivesaves.fr\/wp-content\/uploads\/2024\/10\/IMG-20241012-WA0005-1536x1152.jpg 1536w, https:\/\/www.retraitesportivesaves.fr\/wp-content\/uploads\/2024\/10\/IMG-20241012-WA0005.jpg 2000w\" sizes=\"(max-width: 1024px) 100vw, 1024px\" \/><\/figure><\/div>\n\n<div class=\"wp-block-image\">\n<figure class=\"alignleft size-large is-resized\"><img loading=\"lazy\" decoding=\"async\" width=\"1024\" height=\"768\" src=\"https:\/\/www.retraitesportivesaves.fr\/wp-content\/uploads\/2024\/10\/IMG-20241012-WA0007-1024x768.jpg\" alt=\"\" class=\"wp-image-31895\" style=\"width:236px;height:auto\" srcset=\"https:\/\/www.retraitesportivesaves.fr\/wp-content\/uploads\/2024\/10\/IMG-20241012-WA0007-1024x768.jpg 1024w, https:\/\/www.retraitesportivesaves.fr\/wp-content\/uploads\/2024\/10\/IMG-20241012-WA0007-300x225.jpg 300w, https:\/\/www.retraitesportivesaves.fr\/wp-content\/uploads\/2024\/10\/IMG-20241012-WA0007-768x576.jpg 768w, https:\/\/www.retraitesportivesaves.fr\/wp-content\/uploads\/2024\/10\/IMG-20241012-WA0007-1536x1152.jpg 1536w, https:\/\/www.retraitesportivesaves.fr\/wp-content\/uploads\/2024\/10\/IMG-20241012-WA0007.jpg 2000w\" sizes=\"(max-width: 1024px) 100vw, 1024px\" \/><\/figure><\/div>\n\n<div class=\"wp-block-image\">\n<figure class=\"aligncenter size-large is-resized\"><img loading=\"lazy\" decoding=\"async\" width=\"1024\" height=\"768\" src=\"https:\/\/www.retraitesportivesaves.fr\/wp-content\/uploads\/2024\/10\/IMG-20241012-WA0003-1-1024x768.jpg\" alt=\"\" class=\"wp-image-31891\" style=\"width:236px;height:auto\" srcset=\"https:\/\/www.retraitesportivesaves.fr\/wp-content\/uploads\/2024\/10\/IMG-20241012-WA0003-1-1024x768.jpg 1024w, https:\/\/www.retraitesportivesaves.fr\/wp-content\/uploads\/2024\/10\/IMG-20241012-WA0003-1-300x225.jpg 300w, https:\/\/www.retraitesportivesaves.fr\/wp-content\/uploads\/2024\/10\/IMG-20241012-WA0003-1-768x576.jpg 768w, https:\/\/www.retraitesportivesaves.fr\/wp-content\/uploads\/2024\/10\/IMG-20241012-WA0003-1-1536x1152.jpg 1536w, https:\/\/www.retraitesportivesaves.fr\/wp-content\/uploads\/2024\/10\/IMG-20241012-WA0003-1.jpg 2000w\" sizes=\"(max-width: 1024px) 100vw, 1024px\" \/><\/figure><\/div>","protected":false},"excerpt":{"rendered":"<p>Premi\u00e8re sortie de la saison, le chemin des estives \u00e0 Mont au-dessus de Loudenvielle (65), randonn\u00e9e appr\u00e9ci\u00e9e par les 7 participants (60 \u00e0 83 ans). Tout y \u00e9tait : pastoralisme, mycologie, paysages grandioses et un beau soleil. Cerise sur le g\u00e2teau : des cerfs et leurs brames.<\/p>\n","protected":false},"author":1,"featured_media":31878,"comment_status":"closed","ping_status":"closed","sticky":false,"template":"","format":"standard","meta":{"_monsterinsights_skip_tracking":false,"_monsterinsights_sitenote_active":false,"_monsterinsights_sitenote_note":"","_monsterinsights_sitenote_category":0,"footnotes":""},"categories":[1],"tags":[],"uagb_featured_image_src":{"full":["https:\/\/www.retraitesportivesaves.fr\/wp-content\/uploads\/2024\/10\/IMG-20241012-WA0000.jpg",2000,1500,false],"thumbnail":["https:\/\/www.retraitesportivesaves.fr\/wp-content\/uploads\/2024\/10\/IMG-20241012-WA0000-150x150.jpg",150,150,true],"medium":["https:\/\/www.retraitesportivesaves.fr\/wp-content\/uploads\/2024\/10\/IMG-20241012-WA0000-300x225.jpg",300,225,true],"medium_large":["https:\/\/www.retraitesportivesaves.fr\/wp-content\/uploads\/2024\/10\/IMG-20241012-WA0000-768x576.jpg",768,576,true],"large":["https:\/\/www.retraitesportivesaves.fr\/wp-content\/uploads\/2024\/10\/IMG-20241012-WA0000-1024x768.jpg",1024,768,true],"1536x1536":["https:\/\/www.retraitesportivesaves.fr\/wp-content\/uploads\/2024\/10\/IMG-20241012-WA0000-1536x1152.jpg",1536,1152,true],"2048x2048":["https:\/\/www.retraitesportivesaves.fr\/wp-content\/uploads\/2024\/10\/IMG-20241012-WA0000.jpg",2000,1500,false]},"uagb_author_info":{"display_name":"admin9078","author_link":"https:\/\/www.retraitesportivesaves.fr\/index.php\/author\/admin9078\/"},"uagb_comment_info":0,"uagb_excerpt":"Premi\u00e8re sortie de la saison, le chemin des estives \u00e0 Mont au-dessus de Loudenvielle (65), randonn\u00e9e appr\u00e9ci\u00e9e par les 7 participants (60 \u00e0 83 ans). Tout y \u00e9tait : pastoralisme, mycologie, paysages grandioses et un beau soleil. Cerise sur le g\u00e2teau : des cerfs et leurs brames.","_links":{"self":[{"href":"https:\/\/www.retraitesportivesaves.fr\/index.php\/wp-json\/wp\/v2\/posts\/31875"}],"collection":[{"href":"https:\/\/www.retraitesportivesaves.fr\/index.php\/wp-json\/wp\/v2\/posts"}],"about":[{"href":"https:\/\/www.retraitesportivesaves.fr\/index.php\/wp-json\/wp\/v2\/types\/post"}],"author":[{"embeddable":true,"href":"https:\/\/www.retraitesportivesaves.fr\/index.php\/wp-json\/wp\/v2\/users\/1"}],"replies":[{"embeddable":true,"href":"https:\/\/www.retraitesportivesaves.fr\/index.php\/wp-json\/wp\/v2\/comments?post=31875"}],"version-history":[{"count":9,"href":"https:\/\/www.retraitesportivesaves.fr\/index.php\/wp-json\/wp\/v2\/posts\/31875\/revisions"}],"predecessor-version":[{"id":31897,"href":"https:\/\/www.retraitesportivesaves.fr\/index.php\/wp-json\/wp\/v2\/posts\/31875\/revisions\/31897"}],"wp:featuredmedia":[{"embeddable":true,"href":"https:\/\/www.retraitesportivesaves.fr\/index.php\/wp-json\/wp\/v2\/media\/31878"}],"wp:attachment":[{"href":"https:\/\/www.retraitesportivesaves.fr\/index.php\/wp-json\/wp\/v2\/media?parent=31875"}],"wp:term":[{"taxonomy":"category","embeddable":true,"href":"https:\/\/www.retraitesportivesaves.fr\/index.php\/wp-json\/wp\/v2\/categories?post=31875"},{"taxonomy":"post_tag","embeddable":true,"href":"https:\/\/www.retraitesportivesaves.fr\/index.php\/wp-json\/wp\/v2\/tags?post=31875"}],"curies":[{"name":"wp","href":"https:\/\/api.w.org\/{rel}","templated":true}]}}