{"id":31989,"date":"2024-11-15T18:36:51","date_gmt":"2024-11-15T17:36:51","guid":{"rendered":"https:\/\/www.retraitesportivesaves.fr\/?p=31989"},"modified":"2024-11-16T09:10:31","modified_gmt":"2024-11-16T08:10:31","slug":"05-11-2024-rando-xxl","status":"publish","type":"post","link":"https:\/\/www.retraitesportivesaves.fr\/index.php\/2024\/11\/15\/05-11-2024-rando-xxl\/","title":{"rendered":"05\/11\/2024 &#8211; Rando XXL"},"content":{"rendered":"\n<p>Quand la m\u00e9t\u00e9o est l\u00e0, tout va mieux. Et \u00e7a tombait bien puisque la boucle de \u00ab\u00a0L&rsquo;\u00e9cole buissonni\u00e8re\u00a0\u00bb \u00e0 Polastron \u00e9tait au programme. Un parcours bien d\u00e9gag\u00e9 \u00e0 travers champs et bois, avec des chemins nettoy\u00e9s et entretenus, permettait de bien profiter du soleil. Et puis, de l&rsquo;espace, et de la largeur pour mener de front les conversations entre randonneurs qui en avaient grandement besoin vu que nous \u00e9tions &#8230; 49 !! record battu ! Remonter la troupe quand on est serre-file pour aller rejoindre la t\u00eate de peloton pour aider \u00e0 traverser une route demande un temps certain. De petits d\u00e9nivel\u00e9s absorb\u00e9s sans probl\u00e8me m\u00eame par les moins initi\u00e9s. Une classique, mais une bien belle randonn\u00e9e de plus, alors \u00e0 la prochaine.<\/p>\n\n\n\n<p class=\"has-text-align-center\"><img loading=\"lazy\" decoding=\"async\" width=\"350\" height=\"263\" class=\"wp-image-31993\" style=\"width: 350px;\" src=\"https:\/\/www.retraitesportivesaves.fr\/wp-content\/uploads\/2024\/11\/IMG20241105110034-scaled.jpg\" alt=\"\" srcset=\"https:\/\/www.retraitesportivesaves.fr\/wp-content\/uploads\/2024\/11\/IMG20241105110034-scaled.jpg 2560w, https:\/\/www.retraitesportivesaves.fr\/wp-content\/uploads\/2024\/11\/IMG20241105110034-300x225.jpg 300w, https:\/\/www.retraitesportivesaves.fr\/wp-content\/uploads\/2024\/11\/IMG20241105110034-1024x768.jpg 1024w, https:\/\/www.retraitesportivesaves.fr\/wp-content\/uploads\/2024\/11\/IMG20241105110034-768x576.jpg 768w, https:\/\/www.retraitesportivesaves.fr\/wp-content\/uploads\/2024\/11\/IMG20241105110034-1536x1152.jpg 1536w, https:\/\/www.retraitesportivesaves.fr\/wp-content\/uploads\/2024\/11\/IMG20241105110034-2048x1536.jpg 2048w\" sizes=\"(max-width: 350px) 100vw, 350px\" \/><img loading=\"lazy\" decoding=\"async\" width=\"300\" height=\"169\" class=\"wp-image-31992\" style=\"width: 300px;\" src=\"https:\/\/www.retraitesportivesaves.fr\/wp-content\/uploads\/2024\/11\/IMG_20241115_180107.jpg\" alt=\"\" srcset=\"https:\/\/www.retraitesportivesaves.fr\/wp-content\/uploads\/2024\/11\/IMG_20241115_180107.jpg 1421w, https:\/\/www.retraitesportivesaves.fr\/wp-content\/uploads\/2024\/11\/IMG_20241115_180107-300x169.jpg 300w, https:\/\/www.retraitesportivesaves.fr\/wp-content\/uploads\/2024\/11\/IMG_20241115_180107-1024x576.jpg 1024w, https:\/\/www.retraitesportivesaves.fr\/wp-content\/uploads\/2024\/11\/IMG_20241115_180107-768x432.jpg 768w\" sizes=\"(max-width: 300px) 100vw, 300px\" \/><\/p>\n","protected":false},"excerpt":{"rendered":"<p>Quand la m\u00e9t\u00e9o est l\u00e0, tout va mieux. Et \u00e7a tombait bien puisque la boucle de \u00ab\u00a0L&rsquo;\u00e9cole buissonni\u00e8re\u00a0\u00bb \u00e0 Polastron \u00e9tait au programme. Un parcours bien d\u00e9gag\u00e9 \u00e0 travers champs et bois, avec des chemins nettoy\u00e9s et entretenus, permettait de bien profiter du soleil. Et puis, de l&rsquo;espace, et de la largeur pour mener de &hellip;<\/p>\n<p class=\"read-more\"> <a class=\"\" href=\"https:\/\/www.retraitesportivesaves.fr\/index.php\/2024\/11\/15\/05-11-2024-rando-xxl\/\"> <span class=\"screen-reader-text\">05\/11\/2024 &#8211; Rando XXL<\/span> Lire la suite\u00a0\u00bb<\/a><\/p>\n","protected":false},"author":1,"featured_media":31994,"comment_status":"closed","ping_status":"closed","sticky":false,"template":"","format":"standard","meta":{"_monsterinsights_skip_tracking":false,"_monsterinsights_sitenote_active":false,"_monsterinsights_sitenote_note":"","_monsterinsights_sitenote_category":0,"footnotes":""},"categories":[1],"tags":[],"uagb_featured_image_src":{"full":["https:\/\/www.retraitesportivesaves.fr\/wp-content\/uploads\/2024\/11\/IMG20241105110111-scaled.jpg",2560,1920,false],"thumbnail":["https:\/\/www.retraitesportivesaves.fr\/wp-content\/uploads\/2024\/11\/IMG20241105110111-150x150.jpg",150,150,true],"medium":["https:\/\/www.retraitesportivesaves.fr\/wp-content\/uploads\/2024\/11\/IMG20241105110111-300x225.jpg",300,225,true],"medium_large":["https:\/\/www.retraitesportivesaves.fr\/wp-content\/uploads\/2024\/11\/IMG20241105110111-768x576.jpg",768,576,true],"large":["https:\/\/www.retraitesportivesaves.fr\/wp-content\/uploads\/2024\/11\/IMG20241105110111-1024x768.jpg",1024,768,true],"1536x1536":["https:\/\/www.retraitesportivesaves.fr\/wp-content\/uploads\/2024\/11\/IMG20241105110111-1536x1152.jpg",1536,1152,true],"2048x2048":["https:\/\/www.retraitesportivesaves.fr\/wp-content\/uploads\/2024\/11\/IMG20241105110111-2048x1536.jpg",2048,1536,true]},"uagb_author_info":{"display_name":"admin9078","author_link":"https:\/\/www.retraitesportivesaves.fr\/index.php\/author\/admin9078\/"},"uagb_comment_info":0,"uagb_excerpt":"Quand la m\u00e9t\u00e9o est l\u00e0, tout va mieux. Et \u00e7a tombait bien puisque la boucle de \u00ab\u00a0L&rsquo;\u00e9cole buissonni\u00e8re\u00a0\u00bb \u00e0 Polastron \u00e9tait au programme. Un parcours bien d\u00e9gag\u00e9 \u00e0 travers champs et bois, avec des chemins nettoy\u00e9s et entretenus, permettait de bien profiter du soleil. Et puis, de l&rsquo;espace, et de la largeur pour mener de\u2026","_links":{"self":[{"href":"https:\/\/www.retraitesportivesaves.fr\/index.php\/wp-json\/wp\/v2\/posts\/31989"}],"collection":[{"href":"https:\/\/www.retraitesportivesaves.fr\/index.php\/wp-json\/wp\/v2\/posts"}],"about":[{"href":"https:\/\/www.retraitesportivesaves.fr\/index.php\/wp-json\/wp\/v2\/types\/post"}],"author":[{"embeddable":true,"href":"https:\/\/www.retraitesportivesaves.fr\/index.php\/wp-json\/wp\/v2\/users\/1"}],"replies":[{"embeddable":true,"href":"https:\/\/www.retraitesportivesaves.fr\/index.php\/wp-json\/wp\/v2\/comments?post=31989"}],"version-history":[{"count":5,"href":"https:\/\/www.retraitesportivesaves.fr\/index.php\/wp-json\/wp\/v2\/posts\/31989\/revisions"}],"predecessor-version":[{"id":32002,"href":"https:\/\/www.retraitesportivesaves.fr\/index.php\/wp-json\/wp\/v2\/posts\/31989\/revisions\/32002"}],"wp:featuredmedia":[{"embeddable":true,"href":"https:\/\/www.retraitesportivesaves.fr\/index.php\/wp-json\/wp\/v2\/media\/31994"}],"wp:attachment":[{"href":"https:\/\/www.retraitesportivesaves.fr\/index.php\/wp-json\/wp\/v2\/media?parent=31989"}],"wp:term":[{"taxonomy":"category","embeddable":true,"href":"https:\/\/www.retraitesportivesaves.fr\/index.php\/wp-json\/wp\/v2\/categories?post=31989"},{"taxonomy":"post_tag","embeddable":true,"href":"https:\/\/www.retraitesportivesaves.fr\/index.php\/wp-json\/wp\/v2\/tags?post=31989"}],"curies":[{"name":"wp","href":"https:\/\/api.w.org\/{rel}","templated":true}]}}