{"id":32127,"date":"2024-12-14T10:25:15","date_gmt":"2024-12-14T09:25:15","guid":{"rendered":"https:\/\/www.retraitesportivesaves.fr\/?p=32127"},"modified":"2024-12-14T20:32:43","modified_gmt":"2024-12-14T19:32:43","slug":"12-12-2024-ho-ho-ho-bientot-noel","status":"publish","type":"post","link":"https:\/\/www.retraitesportivesaves.fr\/index.php\/2024\/12\/14\/12-12-2024-ho-ho-ho-bientot-noel\/","title":{"rendered":"12\/12\/2024 &#8211; Ho ho ho, bient\u00f4t No\u00ebl"},"content":{"rendered":"\n<p>Un petit cadeau de bienvenue accueillait les 117 adh\u00e9rents venus participer au repas organis\u00e9 par le club. Les b\u00e9n\u00e9voles avaient d\u00e8s potron-minet mis en place tables, chaises, d\u00e9cor\u00e9 le sapin et dress\u00e9 le couvert. Midi, c&rsquo;est l&rsquo;heure de l&rsquo;ap\u00e9ro avec un discours f\u00e9d\u00e9rateur de la Pr\u00e9sidente et un remerciement appuy\u00e9 \u00e0 la tr\u00e9sori\u00e8re sortante. Puis, place aux agapes, autour de mets festifs, copieux et g\u00e9n\u00e9reux cuisin\u00e9s par notre traiteur habituel. Un quiz entre les plats a permis d&rsquo;exercer ses neurones avec une petite r\u00e9compense \u00e0 la cl\u00e9. L&rsquo;\u00e9quipe de danses traditionnelles n&rsquo;a pas attendu le caf\u00e9 pour se lancer sur la piste, puis ce fut au tour de la chorale de proposer un \u00e9chantillon de son r\u00e9pertoire dont la derni\u00e8re chanson fut accompagn\u00e9e et rythm\u00e9e par l&rsquo;auditoire. Les danseurs de country et de danses en ligne prirent le relais jusqu&rsquo;au bout de la s\u00e9ance. Si le froid \u00e9tait rest\u00e9 dehors, la chaleur, l&rsquo;amiti\u00e9 et la convivialit\u00e9 \u00e9taient dans la salle et dans les c\u0153urs.<\/p>\n","protected":false},"excerpt":{"rendered":"<p>Un petit cadeau de bienvenue accueillait les 117 adh\u00e9rents venus participer au repas organis\u00e9 par le club. Les b\u00e9n\u00e9voles avaient d\u00e8s potron-minet mis en place tables, chaises, d\u00e9cor\u00e9 le sapin et dress\u00e9 le couvert. Midi, c&rsquo;est l&rsquo;heure de l&rsquo;ap\u00e9ro avec un discours f\u00e9d\u00e9rateur de la Pr\u00e9sidente et un remerciement appuy\u00e9 \u00e0 la tr\u00e9sori\u00e8re sortante. Puis, &hellip;<\/p>\n<p class=\"read-more\"> <a class=\"\" href=\"https:\/\/www.retraitesportivesaves.fr\/index.php\/2024\/12\/14\/12-12-2024-ho-ho-ho-bientot-noel\/\"> <span class=\"screen-reader-text\">12\/12\/2024 &#8211; Ho ho ho, bient\u00f4t No\u00ebl<\/span> Lire la suite\u00a0\u00bb<\/a><\/p>\n","protected":false},"author":1,"featured_media":32120,"comment_status":"closed","ping_status":"closed","sticky":false,"template":"","format":"standard","meta":{"_monsterinsights_skip_tracking":false,"_monsterinsights_sitenote_active":false,"_monsterinsights_sitenote_note":"","_monsterinsights_sitenote_category":0,"footnotes":""},"categories":[1],"tags":[],"uagb_featured_image_src":{"full":["https:\/\/www.retraitesportivesaves.fr\/wp-content\/uploads\/2024\/12\/IMG-20241213-WA0024.jpg",1770,825,false],"thumbnail":["https:\/\/www.retraitesportivesaves.fr\/wp-content\/uploads\/2024\/12\/IMG-20241213-WA0024-150x150.jpg",150,150,true],"medium":["https:\/\/www.retraitesportivesaves.fr\/wp-content\/uploads\/2024\/12\/IMG-20241213-WA0024-300x140.jpg",300,140,true],"medium_large":["https:\/\/www.retraitesportivesaves.fr\/wp-content\/uploads\/2024\/12\/IMG-20241213-WA0024-768x358.jpg",768,358,true],"large":["https:\/\/www.retraitesportivesaves.fr\/wp-content\/uploads\/2024\/12\/IMG-20241213-WA0024-1024x477.jpg",1024,477,true],"1536x1536":["https:\/\/www.retraitesportivesaves.fr\/wp-content\/uploads\/2024\/12\/IMG-20241213-WA0024-1536x716.jpg",1536,716,true],"2048x2048":["https:\/\/www.retraitesportivesaves.fr\/wp-content\/uploads\/2024\/12\/IMG-20241213-WA0024.jpg",1770,825,false]},"uagb_author_info":{"display_name":"admin9078","author_link":"https:\/\/www.retraitesportivesaves.fr\/index.php\/author\/admin9078\/"},"uagb_comment_info":0,"uagb_excerpt":"Un petit cadeau de bienvenue accueillait les 117 adh\u00e9rents venus participer au repas organis\u00e9 par le club. Les b\u00e9n\u00e9voles avaient d\u00e8s potron-minet mis en place tables, chaises, d\u00e9cor\u00e9 le sapin et dress\u00e9 le couvert. Midi, c&rsquo;est l&rsquo;heure de l&rsquo;ap\u00e9ro avec un discours f\u00e9d\u00e9rateur de la Pr\u00e9sidente et un remerciement appuy\u00e9 \u00e0 la tr\u00e9sori\u00e8re sortante. Puis,\u2026","_links":{"self":[{"href":"https:\/\/www.retraitesportivesaves.fr\/index.php\/wp-json\/wp\/v2\/posts\/32127"}],"collection":[{"href":"https:\/\/www.retraitesportivesaves.fr\/index.php\/wp-json\/wp\/v2\/posts"}],"about":[{"href":"https:\/\/www.retraitesportivesaves.fr\/index.php\/wp-json\/wp\/v2\/types\/post"}],"author":[{"embeddable":true,"href":"https:\/\/www.retraitesportivesaves.fr\/index.php\/wp-json\/wp\/v2\/users\/1"}],"replies":[{"embeddable":true,"href":"https:\/\/www.retraitesportivesaves.fr\/index.php\/wp-json\/wp\/v2\/comments?post=32127"}],"version-history":[{"count":8,"href":"https:\/\/www.retraitesportivesaves.fr\/index.php\/wp-json\/wp\/v2\/posts\/32127\/revisions"}],"predecessor-version":[{"id":32140,"href":"https:\/\/www.retraitesportivesaves.fr\/index.php\/wp-json\/wp\/v2\/posts\/32127\/revisions\/32140"}],"wp:featuredmedia":[{"embeddable":true,"href":"https:\/\/www.retraitesportivesaves.fr\/index.php\/wp-json\/wp\/v2\/media\/32120"}],"wp:attachment":[{"href":"https:\/\/www.retraitesportivesaves.fr\/index.php\/wp-json\/wp\/v2\/media?parent=32127"}],"wp:term":[{"taxonomy":"category","embeddable":true,"href":"https:\/\/www.retraitesportivesaves.fr\/index.php\/wp-json\/wp\/v2\/categories?post=32127"},{"taxonomy":"post_tag","embeddable":true,"href":"https:\/\/www.retraitesportivesaves.fr\/index.php\/wp-json\/wp\/v2\/tags?post=32127"}],"curies":[{"name":"wp","href":"https:\/\/api.w.org\/{rel}","templated":true}]}}